{"id":3916,"date":"2023-10-20T19:12:15","date_gmt":"2023-10-20T17:12:15","guid":{"rendered":"https:\/\/lleidaesportiu.futbol\/?p=3916"},"modified":"2023-11-17T14:53:18","modified_gmt":"2023-11-17T13:53:18","slug":"luis-pereira-rep-un-nou-numero-de-la-revista-lo-lleida","status":"publish","type":"post","link":"https:\/\/lleidacf.cat\/es\/luis-pereira-rep-un-nou-numero-de-la-revista-lo-lleida\/","title":{"rendered":"Luis Pereira rep un nou n\u00famero de la revista Lo Lleida"},"content":{"rendered":"<p>El president del Lleida Esportiu ha mantingut una altra trobada, com les que peri\u00f2dicament mant\u00e9, amb les penyes i associacions que tenen el cor blau amb qui ha canviat impressions sobre la nova temporada i han conversat sobre el dia a dia del club.<\/p>\n\n\n\n<p>Han celebrat el fet d&#8217;haver assolit els prop de 10.000 seguidors a les xarxes socials i el fet de comptar ja amb m\u00e9s de 1.800 abonades i abonats. Tots s&#8217;han comprom\u00e8s a continuar fent valdre i transmetent la mem\u00f2ria i l&#8217;\u00e0nima d&#8217;aquest club arreu de la ciutat i del territori de Ponent per aconseguir junts construir un futur molt exit\u00f3s i s\u00f2lid.<\/p>\n\n\n\n<p>Luis&nbsp;Pereira, a m\u00e9s, ha rebut de mans d&#8217;Andreu Rat\u00e9s, president de l&#8217;Associaci\u00f3 Amics del Lleida, un nou n\u00famero de la revista&nbsp;que editen, Lo&nbsp;Lleida, que recull tota l&#8217;actualitat i els personatges de l&#8217;univers futbol\u00edstic del Camp d&#8217;Esports.<\/p>\n\n\n\n<figure class=\"wp-block-image size-full\"><img fetchpriority=\"high\" decoding=\"async\" width=\"989\" height=\"768\" src=\"https:\/\/lleidacf.cat\/wp-content\/uploads\/2023\/10\/PORTADA-.jpeg\" alt=\"\" class=\"wp-image-3917\" srcset=\"https:\/\/lleidacf.cat\/wp-content\/uploads\/2023\/10\/PORTADA-.jpeg 989w, https:\/\/lleidacf.cat\/wp-content\/uploads\/2023\/10\/PORTADA--300x233.jpeg 300w, https:\/\/lleidacf.cat\/wp-content\/uploads\/2023\/10\/PORTADA--768x596.jpeg 768w, https:\/\/lleidacf.cat\/wp-content\/uploads\/2023\/10\/PORTADA--15x12.jpeg 15w\" sizes=\"(max-width: 989px) 100vw, 989px\" \/><\/figure>\n\n\n\n<figure class=\"wp-block-gallery has-nested-images columns-default is-cropped wp-block-gallery-1 is-layout-flex wp-block-gallery-is-layout-flex\">\n<figure class=\"wp-block-image size-large\"><img decoding=\"async\" width=\"1024\" height=\"768\" data-id=\"3920\" src=\"https:\/\/lleidacf.cat\/wp-content\/uploads\/2023\/10\/WhatsApp-Image-2023-10-20-at-18.52.42-4.jpeg\" alt=\"\" class=\"wp-image-3920\" srcset=\"https:\/\/lleidacf.cat\/wp-content\/uploads\/2023\/10\/WhatsApp-Image-2023-10-20-at-18.52.42-4.jpeg 1024w, https:\/\/lleidacf.cat\/wp-content\/uploads\/2023\/10\/WhatsApp-Image-2023-10-20-at-18.52.42-4-300x225.jpeg 300w, https:\/\/lleidacf.cat\/wp-content\/uploads\/2023\/10\/WhatsApp-Image-2023-10-20-at-18.52.42-4-768x576.jpeg 768w, https:\/\/lleidacf.cat\/wp-content\/uploads\/2023\/10\/WhatsApp-Image-2023-10-20-at-18.52.42-4-16x12.jpeg 16w\" sizes=\"(max-width: 1024px) 100vw, 1024px\" \/><\/figure>\n\n\n\n<figure class=\"wp-block-image size-large\"><img decoding=\"async\" width=\"1024\" height=\"667\" data-id=\"3918\" src=\"https:\/\/lleidacf.cat\/wp-content\/uploads\/2023\/10\/WhatsApp-Image-2023-10-20-at-18.52.42-2.jpeg\" alt=\"\" class=\"wp-image-3918\" srcset=\"https:\/\/lleidacf.cat\/wp-content\/uploads\/2023\/10\/WhatsApp-Image-2023-10-20-at-18.52.42-2.jpeg 1024w, https:\/\/lleidacf.cat\/wp-content\/uploads\/2023\/10\/WhatsApp-Image-2023-10-20-at-18.52.42-2-300x195.jpeg 300w, https:\/\/lleidacf.cat\/wp-content\/uploads\/2023\/10\/WhatsApp-Image-2023-10-20-at-18.52.42-2-768x500.jpeg 768w, https:\/\/lleidacf.cat\/wp-content\/uploads\/2023\/10\/WhatsApp-Image-2023-10-20-at-18.52.42-2-18x12.jpeg 18w\" sizes=\"(max-width: 1024px) 100vw, 1024px\" \/><\/figure>\n\n\n\n<figure class=\"wp-block-image size-large\"><img loading=\"lazy\" decoding=\"async\" width=\"1024\" height=\"768\" data-id=\"3919\" src=\"https:\/\/lleidacf.cat\/wp-content\/uploads\/2023\/10\/WhatsApp-Image-2023-10-20-at-18.52.42-3.jpeg\" alt=\"\" class=\"wp-image-3919\" srcset=\"https:\/\/lleidacf.cat\/wp-content\/uploads\/2023\/10\/WhatsApp-Image-2023-10-20-at-18.52.42-3.jpeg 1024w, https:\/\/lleidacf.cat\/wp-content\/uploads\/2023\/10\/WhatsApp-Image-2023-10-20-at-18.52.42-3-300x225.jpeg 300w, https:\/\/lleidacf.cat\/wp-content\/uploads\/2023\/10\/WhatsApp-Image-2023-10-20-at-18.52.42-3-768x576.jpeg 768w, https:\/\/lleidacf.cat\/wp-content\/uploads\/2023\/10\/WhatsApp-Image-2023-10-20-at-18.52.42-3-16x12.jpeg 16w\" sizes=\"(max-width: 1024px) 100vw, 1024px\" \/><\/figure>\n<\/figure>\n\n\n\n<figure class=\"wp-block-image size-large\"><img loading=\"lazy\" decoding=\"async\" width=\"768\" height=\"1024\" src=\"https:\/\/lleidacf.cat\/wp-content\/uploads\/2023\/10\/REVISTA-LO-LLEIDA-VERTICAL-768x1024.jpeg\" alt=\"\" class=\"wp-image-3926\" srcset=\"https:\/\/lleidacf.cat\/wp-content\/uploads\/2023\/10\/REVISTA-LO-LLEIDA-VERTICAL-768x1024.jpeg 768w, https:\/\/lleidacf.cat\/wp-content\/uploads\/2023\/10\/REVISTA-LO-LLEIDA-VERTICAL-225x300.jpeg 225w, https:\/\/lleidacf.cat\/wp-content\/uploads\/2023\/10\/REVISTA-LO-LLEIDA-VERTICAL-1152x1536.jpeg 1152w, https:\/\/lleidacf.cat\/wp-content\/uploads\/2023\/10\/REVISTA-LO-LLEIDA-VERTICAL-9x12.jpeg 9w, https:\/\/lleidacf.cat\/wp-content\/uploads\/2023\/10\/REVISTA-LO-LLEIDA-VERTICAL.jpeg 1500w\" sizes=\"(max-width: 768px) 100vw, 768px\" \/><\/figure>","protected":false},"excerpt":{"rendered":"<p>El president del Lleida Esportiu ha mantingut una altra trobada, com les que peri\u00f2dicament mant\u00e9, amb les penyes i associacions&#8230;<\/p>","protected":false},"author":6,"featured_media":3924,"comment_status":"closed","ping_status":"open","sticky":false,"template":"","format":"standard","meta":{"footnotes":""},"categories":[36],"tags":[],"temporada":[69],"club":[23],"class_list":["post-3916","post","type-post","status-publish","format-standard","has-post-thumbnail","hentry","category-noticies","temporada-2023-2024","club-lleida-esportiu"],"_links":{"self":[{"href":"https:\/\/lleidacf.cat\/es\/wp-json\/wp\/v2\/posts\/3916","targetHints":{"allow":["GET"]}}],"collection":[{"href":"https:\/\/lleidacf.cat\/es\/wp-json\/wp\/v2\/posts"}],"about":[{"href":"https:\/\/lleidacf.cat\/es\/wp-json\/wp\/v2\/types\/post"}],"author":[{"embeddable":true,"href":"https:\/\/lleidacf.cat\/es\/wp-json\/wp\/v2\/users\/6"}],"replies":[{"embeddable":true,"href":"https:\/\/lleidacf.cat\/es\/wp-json\/wp\/v2\/comments?post=3916"}],"version-history":[{"count":0,"href":"https:\/\/lleidacf.cat\/es\/wp-json\/wp\/v2\/posts\/3916\/revisions"}],"wp:featuredmedia":[{"embeddable":true,"href":"https:\/\/lleidacf.cat\/es\/wp-json\/wp\/v2\/media\/3924"}],"wp:attachment":[{"href":"https:\/\/lleidacf.cat\/es\/wp-json\/wp\/v2\/media?parent=3916"}],"wp:term":[{"taxonomy":"category","embeddable":true,"href":"https:\/\/lleidacf.cat\/es\/wp-json\/wp\/v2\/categories?post=3916"},{"taxonomy":"post_tag","embeddable":true,"href":"https:\/\/lleidacf.cat\/es\/wp-json\/wp\/v2\/tags?post=3916"},{"taxonomy":"temporada","embeddable":true,"href":"https:\/\/lleidacf.cat\/es\/wp-json\/wp\/v2\/temporada?post=3916"},{"taxonomy":"club","embeddable":true,"href":"https:\/\/lleidacf.cat\/es\/wp-json\/wp\/v2\/club?post=3916"}],"curies":[{"name":"wp","href":"https:\/\/api.w.org\/{rel}","templated":true}]}}