{"id":3950,"date":"2023-10-24T10:39:45","date_gmt":"2023-10-24T08:39:45","guid":{"rendered":"https:\/\/lleidaesportiu.futbol\/?p=3950"},"modified":"2023-11-17T14:52:44","modified_gmt":"2023-11-17T13:52:44","slug":"celebrem-lascens-del-juvenil-de-maristes","status":"publish","type":"post","link":"https:\/\/lleidacf.cat\/es\/celebrem-lascens-del-juvenil-de-maristes\/","title":{"rendered":"Felicitem al Juvenil de Maristes pel seu ascens"},"content":{"rendered":"<p><\/p>\n\n\n\n<p>L&#8217;escola Maristes Montserrat tamb\u00e9 ha estat protagonista al Camp d&#8217;Esports per l&#8217;homenatge que li hem volgut fer al Juvenil del seu Club Esportiu que ha aconseguit l&#8217;ascens a Divisi\u00f3 d&#8217;Honor Nacional de futbol sala.<\/p>\n\n\n\n<p>Despr\u00e9s d&#8217;una d\u00e8cada, la ciutat de Lleida torna a tenir un representant en la m\u00e0xima categoria entrant a formar part el mapa del futbol sala estatal.<\/p>\n\n\n\n<p>Els jugadors han trepitjat la gespa a la mitja part del partit mentre centenars d&#8217;alumnes de l&#8217;escola els han acompanyat des de la zona de Gol Nord i des d&#8217;all\u00e0 han gaudit de la projecci\u00f3 del lipdub que han realitzat per tal de participar en el concurs que est\u00e0 obert a totes les escoles blaves.<\/p>\n\n\n\n<figure class=\"wp-block-image size-large\"><img fetchpriority=\"high\" decoding=\"async\" width=\"1024\" height=\"683\" src=\"https:\/\/lleidacf.cat\/wp-content\/uploads\/2023\/10\/MARISTES-ESCOLA-BLAVA-X-WEB-1024x683.jpg\" alt=\"\" class=\"wp-image-3951\" srcset=\"https:\/\/lleidacf.cat\/wp-content\/uploads\/2023\/10\/MARISTES-ESCOLA-BLAVA-X-WEB-1024x683.jpg 1024w, https:\/\/lleidacf.cat\/wp-content\/uploads\/2023\/10\/MARISTES-ESCOLA-BLAVA-X-WEB-300x200.jpg 300w, https:\/\/lleidacf.cat\/wp-content\/uploads\/2023\/10\/MARISTES-ESCOLA-BLAVA-X-WEB-768x512.jpg 768w, https:\/\/lleidacf.cat\/wp-content\/uploads\/2023\/10\/MARISTES-ESCOLA-BLAVA-X-WEB-18x12.jpg 18w, https:\/\/lleidacf.cat\/wp-content\/uploads\/2023\/10\/MARISTES-ESCOLA-BLAVA-X-WEB.jpg 1200w\" sizes=\"(max-width: 1024px) 100vw, 1024px\" \/><\/figure>\n\n\n\n<figure class=\"wp-block-image size-large\"><img decoding=\"async\" width=\"1024\" height=\"683\" src=\"https:\/\/lleidacf.cat\/wp-content\/uploads\/2023\/10\/MARISTES-JUVENIL-FUTSAL-1-1024x683.jpg\" alt=\"\" class=\"wp-image-3952\" srcset=\"https:\/\/lleidacf.cat\/wp-content\/uploads\/2023\/10\/MARISTES-JUVENIL-FUTSAL-1-1024x683.jpg 1024w, https:\/\/lleidacf.cat\/wp-content\/uploads\/2023\/10\/MARISTES-JUVENIL-FUTSAL-1-300x200.jpg 300w, https:\/\/lleidacf.cat\/wp-content\/uploads\/2023\/10\/MARISTES-JUVENIL-FUTSAL-1-768x512.jpg 768w, https:\/\/lleidacf.cat\/wp-content\/uploads\/2023\/10\/MARISTES-JUVENIL-FUTSAL-1-18x12.jpg 18w, https:\/\/lleidacf.cat\/wp-content\/uploads\/2023\/10\/MARISTES-JUVENIL-FUTSAL-1.jpg 1200w\" sizes=\"(max-width: 1024px) 100vw, 1024px\" \/><\/figure>","protected":false},"excerpt":{"rendered":"<p>L&#8217;escola Maristes Montserrat tamb\u00e9 ha estat protagonista al Camp d&#8217;Esports per l&#8217;homenatge que li hem volgut fer al Juvenil del&#8230;<\/p>","protected":false},"author":6,"featured_media":3952,"comment_status":"closed","ping_status":"open","sticky":false,"template":"","format":"standard","meta":{"footnotes":""},"categories":[36],"tags":[],"temporada":[69],"club":[23],"class_list":["post-3950","post","type-post","status-publish","format-standard","has-post-thumbnail","hentry","category-noticies","temporada-2023-2024","club-lleida-esportiu"],"_links":{"self":[{"href":"https:\/\/lleidacf.cat\/es\/wp-json\/wp\/v2\/posts\/3950","targetHints":{"allow":["GET"]}}],"collection":[{"href":"https:\/\/lleidacf.cat\/es\/wp-json\/wp\/v2\/posts"}],"about":[{"href":"https:\/\/lleidacf.cat\/es\/wp-json\/wp\/v2\/types\/post"}],"author":[{"embeddable":true,"href":"https:\/\/lleidacf.cat\/es\/wp-json\/wp\/v2\/users\/6"}],"replies":[{"embeddable":true,"href":"https:\/\/lleidacf.cat\/es\/wp-json\/wp\/v2\/comments?post=3950"}],"version-history":[{"count":0,"href":"https:\/\/lleidacf.cat\/es\/wp-json\/wp\/v2\/posts\/3950\/revisions"}],"wp:featuredmedia":[{"embeddable":true,"href":"https:\/\/lleidacf.cat\/es\/wp-json\/wp\/v2\/media\/3952"}],"wp:attachment":[{"href":"https:\/\/lleidacf.cat\/es\/wp-json\/wp\/v2\/media?parent=3950"}],"wp:term":[{"taxonomy":"category","embeddable":true,"href":"https:\/\/lleidacf.cat\/es\/wp-json\/wp\/v2\/categories?post=3950"},{"taxonomy":"post_tag","embeddable":true,"href":"https:\/\/lleidacf.cat\/es\/wp-json\/wp\/v2\/tags?post=3950"},{"taxonomy":"temporada","embeddable":true,"href":"https:\/\/lleidacf.cat\/es\/wp-json\/wp\/v2\/temporada?post=3950"},{"taxonomy":"club","embeddable":true,"href":"https:\/\/lleidacf.cat\/es\/wp-json\/wp\/v2\/club?post=3950"}],"curies":[{"name":"wp","href":"https:\/\/api.w.org\/{rel}","templated":true}]}}