{"id":4090,"date":"2023-11-13T20:21:02","date_gmt":"2023-11-13T19:21:02","guid":{"rendered":"https:\/\/lleidaesportiu.futbol\/?p=4090"},"modified":"2023-11-17T14:48:12","modified_gmt":"2023-11-17T13:48:12","slug":"javi-robles-sincorpora-a-la-plantilla-del-lleida-esportiu","status":"publish","type":"post","link":"https:\/\/lleidacf.cat\/es\/javi-robles-sincorpora-a-la-plantilla-del-lleida-esportiu\/","title":{"rendered":"Nou blau al Camp d&#8217;Esports"},"content":{"rendered":"<p>El migcampista, de 23 anys i natural d\u2019Almeria, acaba de fitxar pel Lleida Esportiu. <\/p>\n\n\n\n<p>A hores d\u2019ara estava sense equip despr\u00e9s d\u2019haver passat pel Pontevedra, el CF Fuenlabrada i la UD Almer\u00eda on va formar-se als equips de la base.<\/p>\n\n\n\n<p>Jos\u00e9 Javier Robles Belmonte, de 1.90 d\u2019al\u00e7ada, \u00e9s un jugador amb f\u00edsic i bona arribada amb capacitat d\u2019adaptar-se a diferents posicions al camp i amb experi\u00e8ncia a la 1a RFEF.<\/p>\n\n\n\n<figure class=\"wp-block-image size-large\"><img fetchpriority=\"high\" decoding=\"async\" width=\"819\" height=\"1024\" src=\"https:\/\/lleidacf.cat\/wp-content\/uploads\/2023\/11\/JAVI-ROBLES-819x1024.jpeg\" alt=\"\" class=\"wp-image-4093\" srcset=\"https:\/\/lleidacf.cat\/wp-content\/uploads\/2023\/11\/JAVI-ROBLES-819x1024.jpeg 819w, https:\/\/lleidacf.cat\/wp-content\/uploads\/2023\/11\/JAVI-ROBLES-240x300.jpeg 240w, https:\/\/lleidacf.cat\/wp-content\/uploads\/2023\/11\/JAVI-ROBLES-768x960.jpeg 768w, https:\/\/lleidacf.cat\/wp-content\/uploads\/2023\/11\/JAVI-ROBLES-10x12.jpeg 10w, https:\/\/lleidacf.cat\/wp-content\/uploads\/2023\/11\/JAVI-ROBLES.jpeg 1080w\" sizes=\"(max-width: 819px) 100vw, 819px\" \/><\/figure>","protected":false},"excerpt":{"rendered":"<p>El migcampista, de 23 anys i natural d\u2019Almeria, acaba de fitxar pel Lleida Esportiu. A hores d\u2019ara estava sense equip&#8230;<\/p>","protected":false},"author":6,"featured_media":4091,"comment_status":"closed","ping_status":"open","sticky":false,"template":"","format":"standard","meta":{"footnotes":""},"categories":[36],"tags":[],"temporada":[69],"club":[23],"class_list":["post-4090","post","type-post","status-publish","format-standard","has-post-thumbnail","hentry","category-noticies","temporada-2023-2024","club-lleida-esportiu"],"_links":{"self":[{"href":"https:\/\/lleidacf.cat\/es\/wp-json\/wp\/v2\/posts\/4090","targetHints":{"allow":["GET"]}}],"collection":[{"href":"https:\/\/lleidacf.cat\/es\/wp-json\/wp\/v2\/posts"}],"about":[{"href":"https:\/\/lleidacf.cat\/es\/wp-json\/wp\/v2\/types\/post"}],"author":[{"embeddable":true,"href":"https:\/\/lleidacf.cat\/es\/wp-json\/wp\/v2\/users\/6"}],"replies":[{"embeddable":true,"href":"https:\/\/lleidacf.cat\/es\/wp-json\/wp\/v2\/comments?post=4090"}],"version-history":[{"count":0,"href":"https:\/\/lleidacf.cat\/es\/wp-json\/wp\/v2\/posts\/4090\/revisions"}],"wp:featuredmedia":[{"embeddable":true,"href":"https:\/\/lleidacf.cat\/es\/wp-json\/wp\/v2\/media\/4091"}],"wp:attachment":[{"href":"https:\/\/lleidacf.cat\/es\/wp-json\/wp\/v2\/media?parent=4090"}],"wp:term":[{"taxonomy":"category","embeddable":true,"href":"https:\/\/lleidacf.cat\/es\/wp-json\/wp\/v2\/categories?post=4090"},{"taxonomy":"post_tag","embeddable":true,"href":"https:\/\/lleidacf.cat\/es\/wp-json\/wp\/v2\/tags?post=4090"},{"taxonomy":"temporada","embeddable":true,"href":"https:\/\/lleidacf.cat\/es\/wp-json\/wp\/v2\/temporada?post=4090"},{"taxonomy":"club","embeddable":true,"href":"https:\/\/lleidacf.cat\/es\/wp-json\/wp\/v2\/club?post=4090"}],"curies":[{"name":"wp","href":"https:\/\/api.w.org\/{rel}","templated":true}]}}