{"id":4121,"date":"2023-11-13T13:59:09","date_gmt":"2023-11-13T12:59:09","guid":{"rendered":"https:\/\/lleidaesportiu.futbol\/?p=4121"},"modified":"2023-11-17T14:48:33","modified_gmt":"2023-11-17T13:48:33","slug":"els-xuts-la-primera-gran-penya-del-lleida","status":"publish","type":"post","link":"https:\/\/lleidacf.cat\/es\/els-xuts-la-primera-gran-penya-del-lleida\/","title":{"rendered":"Els Xuts, la primera gran penya del Lleida"},"content":{"rendered":"<p>El Lleida Esportiu ha tingut un reconeixement cap a algunes de les persones que van formar part de la penya Els Xuts, la primera que es va formar a les grades del Gol Nord del Camp d\u2019Esports als anys 80 i 90.<\/p>\n\n\n\n<p>Ens han acompanyat a la Llotja el Benito Gili Florensa, el Jaime Gonz\u00e1lez Mart\u00edn, el Vicent Anguita Risue\u00f1o, el Joan Ramon Vidal Capdevila, el Joaqu\u00edn Sim\u00f3 Arb\u00f3s, el Joan Cimadevilla, el Marcel Ortiz, el Simon Morlans Bold\u00fa, el Jordi Gil Artal, el Jordi Fortet Moya, el Francesc Solsona, el Mario Ortiz Lanzas, el Joaquin Sim\u00f3 Arb\u00f3s, el Ramon Hern\u00e1ndez Piqu\u00e9, el Jordi Dom\u00e9nech Arnaiz. A la mitja part han baixat a la gespa, acompanyats de les diferents autoritats presents al Lleida Esportiu-Torrent CF, on el director general Vicente Javaloyes, en nom del club, ha tingut un detall amb tots ells.<\/p>\n\n\n\n<p>El col\u00b7lectiu Els Xuts \u00e9s tot un referent i un dels grups d\u2019animaci\u00f3 m\u00e9s recordats i estimats de la hist\u00f2ria del club blau. Amb els seus c\u00e0ntics i m\u00fasiques animaven els partits de la Uni\u00f3 Esportiva Lleida.<\/p>\n\n\n\n<p>Gr\u00e0cies a totes i tots per continuar duent, tan endins, el sentiment blau!!!<\/p>\n\n\n\n<figure class=\"wp-block-image size-large\"><img fetchpriority=\"high\" decoding=\"async\" width=\"1024\" height=\"683\" src=\"https:\/\/lleidacf.cat\/wp-content\/uploads\/2023\/11\/1-1024x683.jpg\" alt=\"\" class=\"wp-image-4122\" srcset=\"https:\/\/lleidacf.cat\/wp-content\/uploads\/2023\/11\/1-1024x683.jpg 1024w, https:\/\/lleidacf.cat\/wp-content\/uploads\/2023\/11\/1-300x200.jpg 300w, https:\/\/lleidacf.cat\/wp-content\/uploads\/2023\/11\/1-768x512.jpg 768w, https:\/\/lleidacf.cat\/wp-content\/uploads\/2023\/11\/1-18x12.jpg 18w, https:\/\/lleidacf.cat\/wp-content\/uploads\/2023\/11\/1.jpg 1200w\" sizes=\"(max-width: 1024px) 100vw, 1024px\" \/><\/figure>\n\n\n\n<figure class=\"wp-block-gallery has-nested-images columns-default is-cropped wp-block-gallery-1 is-layout-flex wp-block-gallery-is-layout-flex\">\n<figure class=\"wp-block-image size-large\"><img decoding=\"async\" width=\"1024\" height=\"683\" data-id=\"4125\" src=\"https:\/\/lleidacf.cat\/wp-content\/uploads\/2023\/11\/4-1024x683.jpg\" alt=\"\" class=\"wp-image-4125\" srcset=\"https:\/\/lleidacf.cat\/wp-content\/uploads\/2023\/11\/4-1024x683.jpg 1024w, https:\/\/lleidacf.cat\/wp-content\/uploads\/2023\/11\/4-300x200.jpg 300w, https:\/\/lleidacf.cat\/wp-content\/uploads\/2023\/11\/4-768x512.jpg 768w, https:\/\/lleidacf.cat\/wp-content\/uploads\/2023\/11\/4-18x12.jpg 18w, https:\/\/lleidacf.cat\/wp-content\/uploads\/2023\/11\/4.jpg 1200w\" sizes=\"(max-width: 1024px) 100vw, 1024px\" \/><\/figure>\n\n\n\n<figure class=\"wp-block-image size-large\"><img decoding=\"async\" width=\"1024\" height=\"683\" data-id=\"4124\" src=\"https:\/\/lleidacf.cat\/wp-content\/uploads\/2023\/11\/2-1024x683.jpg\" alt=\"\" class=\"wp-image-4124\" srcset=\"https:\/\/lleidacf.cat\/wp-content\/uploads\/2023\/11\/2-1024x683.jpg 1024w, https:\/\/lleidacf.cat\/wp-content\/uploads\/2023\/11\/2-300x200.jpg 300w, https:\/\/lleidacf.cat\/wp-content\/uploads\/2023\/11\/2-768x512.jpg 768w, https:\/\/lleidacf.cat\/wp-content\/uploads\/2023\/11\/2-18x12.jpg 18w, https:\/\/lleidacf.cat\/wp-content\/uploads\/2023\/11\/2.jpg 1200w\" sizes=\"(max-width: 1024px) 100vw, 1024px\" \/><\/figure>\n\n\n\n<figure class=\"wp-block-image size-large\"><img loading=\"lazy\" decoding=\"async\" width=\"1200\" height=\"800\" data-id=\"4123\" src=\"https:\/\/lleidacf.cat\/wp-content\/uploads\/2023\/11\/3-1024x683.jpg\" alt=\"\" class=\"wp-image-4123\" srcset=\"https:\/\/lleidacf.cat\/wp-content\/uploads\/2023\/11\/3-1024x683.jpg 1024w, https:\/\/lleidacf.cat\/wp-content\/uploads\/2023\/11\/3-300x200.jpg 300w, https:\/\/lleidacf.cat\/wp-content\/uploads\/2023\/11\/3-768x512.jpg 768w, https:\/\/lleidacf.cat\/wp-content\/uploads\/2023\/11\/3-18x12.jpg 18w, https:\/\/lleidacf.cat\/wp-content\/uploads\/2023\/11\/3.jpg 1200w\" sizes=\"(max-width: 1200px) 100vw, 1200px\" \/><\/figure>\n<\/figure>\n\n\n\n<figure class=\"wp-block-image size-large\"><img loading=\"lazy\" decoding=\"async\" width=\"1024\" height=\"683\" src=\"https:\/\/lleidacf.cat\/wp-content\/uploads\/2023\/11\/5-1024x683.jpg\" alt=\"\" class=\"wp-image-4126\" srcset=\"https:\/\/lleidacf.cat\/wp-content\/uploads\/2023\/11\/5-1024x683.jpg 1024w, https:\/\/lleidacf.cat\/wp-content\/uploads\/2023\/11\/5-300x200.jpg 300w, https:\/\/lleidacf.cat\/wp-content\/uploads\/2023\/11\/5-768x512.jpg 768w, https:\/\/lleidacf.cat\/wp-content\/uploads\/2023\/11\/5-18x12.jpg 18w, https:\/\/lleidacf.cat\/wp-content\/uploads\/2023\/11\/5.jpg 1200w\" sizes=\"(max-width: 1024px) 100vw, 1024px\" \/><\/figure>","protected":false},"excerpt":{"rendered":"<p>El Lleida Esportiu ha tingut un reconeixement cap a algunes de les persones que van formar part de la penya&#8230;<\/p>","protected":false},"author":6,"featured_media":4129,"comment_status":"closed","ping_status":"open","sticky":false,"template":"","format":"standard","meta":{"footnotes":""},"categories":[36],"tags":[],"temporada":[69],"club":[23],"class_list":["post-4121","post","type-post","status-publish","format-standard","has-post-thumbnail","hentry","category-noticies","temporada-2023-2024","club-lleida-esportiu"],"_links":{"self":[{"href":"https:\/\/lleidacf.cat\/es\/wp-json\/wp\/v2\/posts\/4121","targetHints":{"allow":["GET"]}}],"collection":[{"href":"https:\/\/lleidacf.cat\/es\/wp-json\/wp\/v2\/posts"}],"about":[{"href":"https:\/\/lleidacf.cat\/es\/wp-json\/wp\/v2\/types\/post"}],"author":[{"embeddable":true,"href":"https:\/\/lleidacf.cat\/es\/wp-json\/wp\/v2\/users\/6"}],"replies":[{"embeddable":true,"href":"https:\/\/lleidacf.cat\/es\/wp-json\/wp\/v2\/comments?post=4121"}],"version-history":[{"count":0,"href":"https:\/\/lleidacf.cat\/es\/wp-json\/wp\/v2\/posts\/4121\/revisions"}],"wp:featuredmedia":[{"embeddable":true,"href":"https:\/\/lleidacf.cat\/es\/wp-json\/wp\/v2\/media\/4129"}],"wp:attachment":[{"href":"https:\/\/lleidacf.cat\/es\/wp-json\/wp\/v2\/media?parent=4121"}],"wp:term":[{"taxonomy":"category","embeddable":true,"href":"https:\/\/lleidacf.cat\/es\/wp-json\/wp\/v2\/categories?post=4121"},{"taxonomy":"post_tag","embeddable":true,"href":"https:\/\/lleidacf.cat\/es\/wp-json\/wp\/v2\/tags?post=4121"},{"taxonomy":"temporada","embeddable":true,"href":"https:\/\/lleidacf.cat\/es\/wp-json\/wp\/v2\/temporada?post=4121"},{"taxonomy":"club","embeddable":true,"href":"https:\/\/lleidacf.cat\/es\/wp-json\/wp\/v2\/club?post=4121"}],"curies":[{"name":"wp","href":"https:\/\/api.w.org\/{rel}","templated":true}]}}