{"id":4130,"date":"2023-11-16T12:17:18","date_gmt":"2023-11-16T11:17:18","guid":{"rendered":"https:\/\/lleidaesportiu.futbol\/?p=4130"},"modified":"2023-11-16T12:21:29","modified_gmt":"2023-11-16T11:21:29","slug":"javi-robles-amb-ganes-de-debutar","status":"publish","type":"post","link":"https:\/\/lleidacf.cat\/es\/javi-robles-amb-ganes-de-debutar\/","title":{"rendered":"Javi Robles, amb ganes de debutar"},"content":{"rendered":"<p>\u2018El Lleida Esportiu \u00e9s l\u2019oportunitat que esperava per comprometre\u2019m i implicar-me al 100% en un projecte\u2019. Aix\u00ed ho ha dit Javi Robles en la seva presentaci\u00f3 com a nou integrant de l&#8217;equip blau al qual arriba molt motivat pel que transmet el club i la magn\u00edfica temporada que est\u00e0 fent.<\/p>\n\n\n\n<p>El migcampista andal\u00fas assegura que l&#8217;oferta encaixa en tot all\u00f2 que esperava, pel tipus de projecte que est\u00e0 tirant endavant i pels resultats que est\u00e0 aconseguint.<\/p>\n\n\n\n<p>Es defineix com un jugador polivalent, amb una posici\u00f3 natural de 8, per\u00f2 que s\u2019adapta a diferents funcions. T\u00e9 bon toc de pilota i pot aportar i sumar en aspectes defensius com ofensius.&nbsp;&nbsp;<\/p>\n\n\n\n<p>La seva primera impressi\u00f3 al vestidor ha estat descobrir a un gran grup en un molt bon ambient i amb una exig\u00e8ncia professional m\u00e0xima de cadascun dels jugadors.<\/p>\n\n\n\n<p>Ser part activa en fer realitat les fites col\u00b7lectives \u00e9s el seu principal objectiu i, amb la llic\u00e8ncia ja activa i a disposici\u00f3 del que consideri l\u2019entrenador, vol debutar com m\u00e9s aviat millor.<\/p>\n\n\n\n<p>El director de l\u2019\u00c0rea Esportiva, Ra\u00fal Fuster, ha indicat que el f\u00edsic, el joc aeri i la polival\u00e8ncia del migcampista s\u00f3n talents que permetran suplir les baixes i sancions i arrodonir les necessitats de la plantilla blava.<\/p>\n\n\n\n<figure class=\"wp-block-image size-large\"><img fetchpriority=\"high\" decoding=\"async\" width=\"1024\" height=\"680\" src=\"https:\/\/lleidacf.cat\/wp-content\/uploads\/2023\/11\/PORTADA-WEB-JAVI-ROBLES-1-1024x680.jpeg\" alt=\"\" class=\"wp-image-4133\" srcset=\"https:\/\/lleidacf.cat\/wp-content\/uploads\/2023\/11\/PORTADA-WEB-JAVI-ROBLES-1-1024x680.jpeg 1024w, https:\/\/lleidacf.cat\/wp-content\/uploads\/2023\/11\/PORTADA-WEB-JAVI-ROBLES-1-300x199.jpeg 300w, https:\/\/lleidacf.cat\/wp-content\/uploads\/2023\/11\/PORTADA-WEB-JAVI-ROBLES-1-768x510.jpeg 768w, https:\/\/lleidacf.cat\/wp-content\/uploads\/2023\/11\/PORTADA-WEB-JAVI-ROBLES-1-1536x1020.jpeg 1536w, https:\/\/lleidacf.cat\/wp-content\/uploads\/2023\/11\/PORTADA-WEB-JAVI-ROBLES-1-18x12.jpeg 18w, https:\/\/lleidacf.cat\/wp-content\/uploads\/2023\/11\/PORTADA-WEB-JAVI-ROBLES-1.jpeg 1600w\" sizes=\"(max-width: 1024px) 100vw, 1024px\" \/><\/figure>\n\n\n\n<figure class=\"wp-block-gallery has-nested-images columns-default is-cropped wp-block-gallery-1 is-layout-flex wp-block-gallery-is-layout-flex\">\n<figure class=\"wp-block-image size-large\"><img decoding=\"async\" width=\"1024\" height=\"680\" data-id=\"4139\" src=\"https:\/\/lleidacf.cat\/wp-content\/uploads\/2023\/11\/WhatsApp-Image-2023-11-16-at-11.30.08-1024x680.jpeg\" alt=\"\" class=\"wp-image-4139\" srcset=\"https:\/\/lleidacf.cat\/wp-content\/uploads\/2023\/11\/WhatsApp-Image-2023-11-16-at-11.30.08-1024x680.jpeg 1024w, https:\/\/lleidacf.cat\/wp-content\/uploads\/2023\/11\/WhatsApp-Image-2023-11-16-at-11.30.08-300x199.jpeg 300w, https:\/\/lleidacf.cat\/wp-content\/uploads\/2023\/11\/WhatsApp-Image-2023-11-16-at-11.30.08-768x510.jpeg 768w, https:\/\/lleidacf.cat\/wp-content\/uploads\/2023\/11\/WhatsApp-Image-2023-11-16-at-11.30.08-1536x1020.jpeg 1536w, https:\/\/lleidacf.cat\/wp-content\/uploads\/2023\/11\/WhatsApp-Image-2023-11-16-at-11.30.08-18x12.jpeg 18w, https:\/\/lleidacf.cat\/wp-content\/uploads\/2023\/11\/WhatsApp-Image-2023-11-16-at-11.30.08.jpeg 1600w\" sizes=\"(max-width: 1024px) 100vw, 1024px\" \/><\/figure>\n\n\n\n<figure class=\"wp-block-image size-large\"><img decoding=\"async\" width=\"1024\" height=\"680\" data-id=\"4138\" src=\"https:\/\/lleidacf.cat\/wp-content\/uploads\/2023\/11\/ROBLES-1-2-1024x680.jpeg\" alt=\"\" class=\"wp-image-4138\" srcset=\"https:\/\/lleidacf.cat\/wp-content\/uploads\/2023\/11\/ROBLES-1-2-1024x680.jpeg 1024w, https:\/\/lleidacf.cat\/wp-content\/uploads\/2023\/11\/ROBLES-1-2-300x199.jpeg 300w, https:\/\/lleidacf.cat\/wp-content\/uploads\/2023\/11\/ROBLES-1-2-768x510.jpeg 768w, https:\/\/lleidacf.cat\/wp-content\/uploads\/2023\/11\/ROBLES-1-2-1536x1020.jpeg 1536w, https:\/\/lleidacf.cat\/wp-content\/uploads\/2023\/11\/ROBLES-1-2-18x12.jpeg 18w, https:\/\/lleidacf.cat\/wp-content\/uploads\/2023\/11\/ROBLES-1-2.jpeg 1600w\" sizes=\"(max-width: 1024px) 100vw, 1024px\" \/><\/figure>\n<\/figure>","protected":false},"excerpt":{"rendered":"<p>\u2018El Lleida Esportiu \u00e9s l\u2019oportunitat que esperava per comprometre\u2019m i implicar-me al 100% en un projecte\u2019. Aix\u00ed ho ha dit&#8230;<\/p>","protected":false},"author":6,"featured_media":4135,"comment_status":"closed","ping_status":"open","sticky":false,"template":"","format":"standard","meta":{"footnotes":""},"categories":[36],"tags":[],"temporada":[69],"club":[23],"class_list":["post-4130","post","type-post","status-publish","format-standard","has-post-thumbnail","hentry","category-noticies","temporada-2023-2024","club-lleida-esportiu"],"_links":{"self":[{"href":"https:\/\/lleidacf.cat\/es\/wp-json\/wp\/v2\/posts\/4130","targetHints":{"allow":["GET"]}}],"collection":[{"href":"https:\/\/lleidacf.cat\/es\/wp-json\/wp\/v2\/posts"}],"about":[{"href":"https:\/\/lleidacf.cat\/es\/wp-json\/wp\/v2\/types\/post"}],"author":[{"embeddable":true,"href":"https:\/\/lleidacf.cat\/es\/wp-json\/wp\/v2\/users\/6"}],"replies":[{"embeddable":true,"href":"https:\/\/lleidacf.cat\/es\/wp-json\/wp\/v2\/comments?post=4130"}],"version-history":[{"count":0,"href":"https:\/\/lleidacf.cat\/es\/wp-json\/wp\/v2\/posts\/4130\/revisions"}],"wp:featuredmedia":[{"embeddable":true,"href":"https:\/\/lleidacf.cat\/es\/wp-json\/wp\/v2\/media\/4135"}],"wp:attachment":[{"href":"https:\/\/lleidacf.cat\/es\/wp-json\/wp\/v2\/media?parent=4130"}],"wp:term":[{"taxonomy":"category","embeddable":true,"href":"https:\/\/lleidacf.cat\/es\/wp-json\/wp\/v2\/categories?post=4130"},{"taxonomy":"post_tag","embeddable":true,"href":"https:\/\/lleidacf.cat\/es\/wp-json\/wp\/v2\/tags?post=4130"},{"taxonomy":"temporada","embeddable":true,"href":"https:\/\/lleidacf.cat\/es\/wp-json\/wp\/v2\/temporada?post=4130"},{"taxonomy":"club","embeddable":true,"href":"https:\/\/lleidacf.cat\/es\/wp-json\/wp\/v2\/club?post=4130"}],"curies":[{"name":"wp","href":"https:\/\/api.w.org\/{rel}","templated":true}]}}