{"id":4243,"date":"2023-11-28T13:01:29","date_gmt":"2023-11-28T12:01:29","guid":{"rendered":"https:\/\/lleidaesportiu.futbol\/?p=4243"},"modified":"2023-12-01T10:02:02","modified_gmt":"2023-12-01T09:02:02","slug":"som-liders-en-solidaritat","status":"publish","type":"post","link":"https:\/\/lleidacf.cat\/es\/som-liders-en-solidaritat\/","title":{"rendered":"Som l\u00edders en solidaritat"},"content":{"rendered":"<p>La cita del Lleida Esportiu \u2013 CE Andratx s\u2019ha saldat amb la recollida de 200 litres d\u2019oli d\u2019oliva a benefici del Gran Recapte 2023. El voluntariat del Banc dels Aliments de Lleida i del SCR de l\u2019Hospital Santa Maria han fet possible l\u2019acci\u00f3 a la qual l\u2019afici\u00f3 blava ha respost mostrant la seva versi\u00f3 m\u00e9s solid\u00e0ria que mai.<\/p>\n\n\n\n<p>A les portes de l\u2019estadi s\u2019han recollit bosses de productes alimentaris i les ampolles d\u2019oli d\u2019oliva, que permetien gaudir gratu\u00eftament del partit, que contribuiran a omplir els magatzems del Banc d\u2019Aliments de cara a les dates nadalenques.<\/p>\n\n\n\n<p>Minuts abans d\u2019iniciar-se el joc, el club s\u2019ha adherit al Manifest contra la viol\u00e8ncia envers les dones del que s\u2019ha fet lectura mentre s\u2019ha projectat el text i el cartell de la campanya del 25N al marcador de l\u2019estadi. &nbsp;<\/p>\n\n\n\n<p>Durant la mitja part hem gaudit del lipdub que han gravat les nenes i nens de l\u2019Escola Pardinyes, alguns dels quals ens han acompanyat a les grades. Tamb\u00e9 hi eren les petites i petits sahrau\u00eds que s\u00f3n a les nostres terres gr\u00e0cies a l\u2019entitat Lleida pels Refugiats i que s\u2019han fet fotografies amb dos dels seus \u00eddols: Chuli i Ton. &nbsp;<\/p>\n\n\n\n<p>Despr\u00e9s tamb\u00e9 hem pogut posar cara als integrants dels eSports que competeixen, en la categoria de Clubs Pro, a EA FC 2024 on han aconseguit els t\u00edtols de VPG 2 Divisi\u00f3 i VFO Lliga Regular Equips Oficials. Han sortit a la gespa: Adry G\u00f3mez, Hugo L\u00f3pez, Mikel Mart\u00ednez, Adri\u00e1n Matabuena, Manel Cortiella, Sergi Rodr\u00edguez i Daniel Alba.<\/p>\n\n\n\n<p>Una jornada tan solid\u00e0ria i activa no podia acabar de millor manera: amb 3 gols de la vict\u00f2ria que situen al nostre equip, una setmana m\u00e9s, com a l\u00edder en solitari de la categoria!!<\/p>\n\n\n\n<figure class=\"wp-block-gallery has-nested-images columns-default is-cropped wp-block-gallery-1 is-layout-flex wp-block-gallery-is-layout-flex\">\n<figure class=\"wp-block-image size-large\"><img fetchpriority=\"high\" decoding=\"async\" width=\"1024\" height=\"683\" data-id=\"4247\" src=\"https:\/\/lleidacf.cat\/wp-content\/uploads\/2023\/11\/MG_3307-1024x683.jpg\" alt=\"\" class=\"wp-image-4247\" srcset=\"https:\/\/lleidacf.cat\/wp-content\/uploads\/2023\/11\/MG_3307-1024x683.jpg 1024w, https:\/\/lleidacf.cat\/wp-content\/uploads\/2023\/11\/MG_3307-300x200.jpg 300w, https:\/\/lleidacf.cat\/wp-content\/uploads\/2023\/11\/MG_3307-768x512.jpg 768w, https:\/\/lleidacf.cat\/wp-content\/uploads\/2023\/11\/MG_3307-18x12.jpg 18w, https:\/\/lleidacf.cat\/wp-content\/uploads\/2023\/11\/MG_3307.jpg 1200w\" sizes=\"(max-width: 1024px) 100vw, 1024px\" \/><\/figure>\n\n\n\n<figure class=\"wp-block-image size-large\"><img decoding=\"async\" width=\"1024\" height=\"683\" data-id=\"4244\" src=\"https:\/\/lleidacf.cat\/wp-content\/uploads\/2023\/11\/MG_3284-1024x683.jpg\" alt=\"\" class=\"wp-image-4244\" srcset=\"https:\/\/lleidacf.cat\/wp-content\/uploads\/2023\/11\/MG_3284-1024x683.jpg 1024w, https:\/\/lleidacf.cat\/wp-content\/uploads\/2023\/11\/MG_3284-300x200.jpg 300w, https:\/\/lleidacf.cat\/wp-content\/uploads\/2023\/11\/MG_3284-768x512.jpg 768w, https:\/\/lleidacf.cat\/wp-content\/uploads\/2023\/11\/MG_3284-18x12.jpg 18w, https:\/\/lleidacf.cat\/wp-content\/uploads\/2023\/11\/MG_3284.jpg 1200w\" sizes=\"(max-width: 1024px) 100vw, 1024px\" \/><\/figure>\n\n\n\n<figure class=\"wp-block-image size-large\"><img decoding=\"async\" width=\"1024\" height=\"683\" data-id=\"4246\" src=\"https:\/\/lleidacf.cat\/wp-content\/uploads\/2023\/11\/MG_3288-1024x683.jpg\" alt=\"\" class=\"wp-image-4246\" srcset=\"https:\/\/lleidacf.cat\/wp-content\/uploads\/2023\/11\/MG_3288-1024x683.jpg 1024w, https:\/\/lleidacf.cat\/wp-content\/uploads\/2023\/11\/MG_3288-300x200.jpg 300w, https:\/\/lleidacf.cat\/wp-content\/uploads\/2023\/11\/MG_3288-768x512.jpg 768w, https:\/\/lleidacf.cat\/wp-content\/uploads\/2023\/11\/MG_3288-18x12.jpg 18w, https:\/\/lleidacf.cat\/wp-content\/uploads\/2023\/11\/MG_3288.jpg 1200w\" sizes=\"(max-width: 1024px) 100vw, 1024px\" \/><\/figure>\n\n\n\n<figure class=\"wp-block-image size-large\"><img loading=\"lazy\" decoding=\"async\" width=\"1024\" height=\"683\" data-id=\"4245\" src=\"https:\/\/lleidacf.cat\/wp-content\/uploads\/2023\/11\/MG_3299-1024x683.jpg\" alt=\"\" class=\"wp-image-4245\" srcset=\"https:\/\/lleidacf.cat\/wp-content\/uploads\/2023\/11\/MG_3299-1024x683.jpg 1024w, https:\/\/lleidacf.cat\/wp-content\/uploads\/2023\/11\/MG_3299-300x200.jpg 300w, https:\/\/lleidacf.cat\/wp-content\/uploads\/2023\/11\/MG_3299-768x512.jpg 768w, https:\/\/lleidacf.cat\/wp-content\/uploads\/2023\/11\/MG_3299-18x12.jpg 18w, https:\/\/lleidacf.cat\/wp-content\/uploads\/2023\/11\/MG_3299.jpg 1200w\" sizes=\"(max-width: 1024px) 100vw, 1024px\" \/><\/figure>\n<\/figure>\n\n\n\n<figure class=\"wp-block-image size-large is-resized\"><img loading=\"lazy\" decoding=\"async\" src=\"https:\/\/lleidacf.cat\/wp-content\/uploads\/2023\/11\/MG_3310-1024x683.jpg\" alt=\"\" class=\"wp-image-4248\" width=\"1263\" height=\"842\" srcset=\"https:\/\/lleidacf.cat\/wp-content\/uploads\/2023\/11\/MG_3310-1024x683.jpg 1024w, https:\/\/lleidacf.cat\/wp-content\/uploads\/2023\/11\/MG_3310-300x200.jpg 300w, https:\/\/lleidacf.cat\/wp-content\/uploads\/2023\/11\/MG_3310-768x512.jpg 768w, https:\/\/lleidacf.cat\/wp-content\/uploads\/2023\/11\/MG_3310-18x12.jpg 18w, https:\/\/lleidacf.cat\/wp-content\/uploads\/2023\/11\/MG_3310.jpg 1200w\" sizes=\"(max-width: 1263px) 100vw, 1263px\" \/><\/figure>\n\n\n\n<figure class=\"wp-block-image size-full is-resized\"><img loading=\"lazy\" decoding=\"async\" src=\"https:\/\/lleidacf.cat\/wp-content\/uploads\/2023\/11\/SRC-SANTA-MARIA.jpeg\" alt=\"\" class=\"wp-image-4266\" width=\"1260\" height=\"945\" srcset=\"https:\/\/lleidacf.cat\/wp-content\/uploads\/2023\/11\/SRC-SANTA-MARIA.jpeg 1024w, https:\/\/lleidacf.cat\/wp-content\/uploads\/2023\/11\/SRC-SANTA-MARIA-300x225.jpeg 300w, https:\/\/lleidacf.cat\/wp-content\/uploads\/2023\/11\/SRC-SANTA-MARIA-768x576.jpeg 768w, https:\/\/lleidacf.cat\/wp-content\/uploads\/2023\/11\/SRC-SANTA-MARIA-16x12.jpeg 16w\" sizes=\"(max-width: 1260px) 100vw, 1260px\" \/><\/figure>\n\n\n\n<figure class=\"wp-block-gallery has-nested-images columns-default is-cropped wp-block-gallery-2 is-layout-flex wp-block-gallery-is-layout-flex\">\n<figure class=\"wp-block-image size-large\"><img loading=\"lazy\" decoding=\"async\" width=\"1024\" height=\"553\" data-id=\"4252\" src=\"https:\/\/lleidacf.cat\/wp-content\/uploads\/2023\/11\/25N-2023-1-1-1024x553.jpeg\" alt=\"\" class=\"wp-image-4252\" srcset=\"https:\/\/lleidacf.cat\/wp-content\/uploads\/2023\/11\/25N-2023-1-1-1024x553.jpeg 1024w, https:\/\/lleidacf.cat\/wp-content\/uploads\/2023\/11\/25N-2023-1-1-300x162.jpeg 300w, https:\/\/lleidacf.cat\/wp-content\/uploads\/2023\/11\/25N-2023-1-1-768x415.jpeg 768w, https:\/\/lleidacf.cat\/wp-content\/uploads\/2023\/11\/25N-2023-1-1-1536x830.jpeg 1536w, https:\/\/lleidacf.cat\/wp-content\/uploads\/2023\/11\/25N-2023-1-1-18x10.jpeg 18w, https:\/\/lleidacf.cat\/wp-content\/uploads\/2023\/11\/25N-2023-1-1.jpeg 2048w\" sizes=\"(max-width: 1024px) 100vw, 1024px\" \/><\/figure>\n\n\n\n<figure class=\"wp-block-image size-large\"><img loading=\"lazy\" decoding=\"async\" width=\"1024\" height=\"576\" data-id=\"4251\" src=\"https:\/\/lleidacf.cat\/wp-content\/uploads\/2023\/11\/25N-2023-1-1024x576.jpeg\" alt=\"\" class=\"wp-image-4251\" srcset=\"https:\/\/lleidacf.cat\/wp-content\/uploads\/2023\/11\/25N-2023-1-1024x576.jpeg 1024w, https:\/\/lleidacf.cat\/wp-content\/uploads\/2023\/11\/25N-2023-1-300x169.jpeg 300w, https:\/\/lleidacf.cat\/wp-content\/uploads\/2023\/11\/25N-2023-1-768x432.jpeg 768w, https:\/\/lleidacf.cat\/wp-content\/uploads\/2023\/11\/25N-2023-1-1536x864.jpeg 1536w, https:\/\/lleidacf.cat\/wp-content\/uploads\/2023\/11\/25N-2023-1-18x10.jpeg 18w, https:\/\/lleidacf.cat\/wp-content\/uploads\/2023\/11\/25N-2023-1.jpeg 2048w\" sizes=\"(max-width: 1024px) 100vw, 1024px\" \/><\/figure>\n<\/figure>\n\n\n\n<figure class=\"wp-block-image size-full is-resized\"><img loading=\"lazy\" decoding=\"async\" src=\"https:\/\/lleidacf.cat\/wp-content\/uploads\/2023\/11\/ESCOLA-PARDINYES.jpeg\" alt=\"\" class=\"wp-image-4253\" width=\"1259\" height=\"944\" srcset=\"https:\/\/lleidacf.cat\/wp-content\/uploads\/2023\/11\/ESCOLA-PARDINYES.jpeg 1024w, https:\/\/lleidacf.cat\/wp-content\/uploads\/2023\/11\/ESCOLA-PARDINYES-300x225.jpeg 300w, https:\/\/lleidacf.cat\/wp-content\/uploads\/2023\/11\/ESCOLA-PARDINYES-768x576.jpeg 768w, https:\/\/lleidacf.cat\/wp-content\/uploads\/2023\/11\/ESCOLA-PARDINYES-16x12.jpeg 16w\" sizes=\"(max-width: 1259px) 100vw, 1259px\" \/><\/figure>\n\n\n\n<figure class=\"wp-block-gallery has-nested-images columns-default is-cropped wp-block-gallery-3 is-layout-flex wp-block-gallery-is-layout-flex\">\n<figure class=\"wp-block-image size-large\"><img loading=\"lazy\" decoding=\"async\" width=\"1024\" height=\"768\" data-id=\"4256\" src=\"https:\/\/lleidacf.cat\/wp-content\/uploads\/2023\/11\/LLEIDA-PELS-REFUGIATS-AMB-TON.jpeg\" alt=\"\" class=\"wp-image-4256\" srcset=\"https:\/\/lleidacf.cat\/wp-content\/uploads\/2023\/11\/LLEIDA-PELS-REFUGIATS-AMB-TON.jpeg 1024w, https:\/\/lleidacf.cat\/wp-content\/uploads\/2023\/11\/LLEIDA-PELS-REFUGIATS-AMB-TON-300x225.jpeg 300w, https:\/\/lleidacf.cat\/wp-content\/uploads\/2023\/11\/LLEIDA-PELS-REFUGIATS-AMB-TON-768x576.jpeg 768w, https:\/\/lleidacf.cat\/wp-content\/uploads\/2023\/11\/LLEIDA-PELS-REFUGIATS-AMB-TON-16x12.jpeg 16w\" sizes=\"(max-width: 1024px) 100vw, 1024px\" \/><\/figure>\n<\/figure>\n\n\n\n<figure class=\"wp-block-gallery has-nested-images columns-default is-cropped wp-block-gallery-4 is-layout-flex wp-block-gallery-is-layout-flex\">\n<figure class=\"wp-block-image size-large\"><img loading=\"lazy\" decoding=\"async\" width=\"1024\" height=\"768\" data-id=\"4258\" src=\"https:\/\/lleidacf.cat\/wp-content\/uploads\/2023\/11\/LLEIDA-PELS-REFUGIATS-26-NOVEMBRE-2023-1.jpeg\" alt=\"\" class=\"wp-image-4258\" srcset=\"https:\/\/lleidacf.cat\/wp-content\/uploads\/2023\/11\/LLEIDA-PELS-REFUGIATS-26-NOVEMBRE-2023-1.jpeg 1024w, https:\/\/lleidacf.cat\/wp-content\/uploads\/2023\/11\/LLEIDA-PELS-REFUGIATS-26-NOVEMBRE-2023-1-300x225.jpeg 300w, https:\/\/lleidacf.cat\/wp-content\/uploads\/2023\/11\/LLEIDA-PELS-REFUGIATS-26-NOVEMBRE-2023-1-768x576.jpeg 768w, https:\/\/lleidacf.cat\/wp-content\/uploads\/2023\/11\/LLEIDA-PELS-REFUGIATS-26-NOVEMBRE-2023-1-16x12.jpeg 16w\" sizes=\"(max-width: 1024px) 100vw, 1024px\" \/><\/figure>\n\n\n\n<figure class=\"wp-block-image size-large\"><img loading=\"lazy\" decoding=\"async\" width=\"768\" height=\"1024\" data-id=\"4257\" src=\"https:\/\/lleidacf.cat\/wp-content\/uploads\/2023\/11\/LLEIDA-PELS-REFUGIATS-1-26-NOVEMBRE-2023.jpeg\" alt=\"\" class=\"wp-image-4257\" srcset=\"https:\/\/lleidacf.cat\/wp-content\/uploads\/2023\/11\/LLEIDA-PELS-REFUGIATS-1-26-NOVEMBRE-2023.jpeg 768w, https:\/\/lleidacf.cat\/wp-content\/uploads\/2023\/11\/LLEIDA-PELS-REFUGIATS-1-26-NOVEMBRE-2023-225x300.jpeg 225w, https:\/\/lleidacf.cat\/wp-content\/uploads\/2023\/11\/LLEIDA-PELS-REFUGIATS-1-26-NOVEMBRE-2023-9x12.jpeg 9w\" sizes=\"(max-width: 768px) 100vw, 768px\" \/><\/figure>\n\n\n\n<figure class=\"wp-block-image size-large\"><img loading=\"lazy\" decoding=\"async\" width=\"1024\" height=\"768\" data-id=\"4259\" src=\"https:\/\/lleidacf.cat\/wp-content\/uploads\/2023\/11\/LLEIDA-PELS-REFUGIATS-2-26-NOVEMBRE-2023.jpeg\" alt=\"\" class=\"wp-image-4259\" srcset=\"https:\/\/lleidacf.cat\/wp-content\/uploads\/2023\/11\/LLEIDA-PELS-REFUGIATS-2-26-NOVEMBRE-2023.jpeg 1024w, https:\/\/lleidacf.cat\/wp-content\/uploads\/2023\/11\/LLEIDA-PELS-REFUGIATS-2-26-NOVEMBRE-2023-300x225.jpeg 300w, https:\/\/lleidacf.cat\/wp-content\/uploads\/2023\/11\/LLEIDA-PELS-REFUGIATS-2-26-NOVEMBRE-2023-768x576.jpeg 768w, https:\/\/lleidacf.cat\/wp-content\/uploads\/2023\/11\/LLEIDA-PELS-REFUGIATS-2-26-NOVEMBRE-2023-16x12.jpeg 16w\" sizes=\"(max-width: 1024px) 100vw, 1024px\" \/><\/figure>\n<\/figure>\n\n\n\n<figure class=\"wp-block-image size-full is-resized\"><img loading=\"lazy\" decoding=\"async\" src=\"https:\/\/lleidacf.cat\/wp-content\/uploads\/2023\/11\/LLEIDA-PELS-REFUGIATS-AMB-CHULI-1.jpeg\" alt=\"\" class=\"wp-image-4260\" width=\"1266\" height=\"950\" srcset=\"https:\/\/lleidacf.cat\/wp-content\/uploads\/2023\/11\/LLEIDA-PELS-REFUGIATS-AMB-CHULI-1.jpeg 1024w, https:\/\/lleidacf.cat\/wp-content\/uploads\/2023\/11\/LLEIDA-PELS-REFUGIATS-AMB-CHULI-1-300x225.jpeg 300w, https:\/\/lleidacf.cat\/wp-content\/uploads\/2023\/11\/LLEIDA-PELS-REFUGIATS-AMB-CHULI-1-768x576.jpeg 768w, https:\/\/lleidacf.cat\/wp-content\/uploads\/2023\/11\/LLEIDA-PELS-REFUGIATS-AMB-CHULI-1-16x12.jpeg 16w\" sizes=\"(max-width: 1266px) 100vw, 1266px\" \/><\/figure>\n\n\n\n<figure class=\"wp-block-image size-large is-resized\"><img loading=\"lazy\" decoding=\"async\" src=\"https:\/\/lleidacf.cat\/wp-content\/uploads\/2023\/11\/WEB-1-1-1024x683.jpg\" alt=\"\" class=\"wp-image-4263\" width=\"1275\" height=\"850\" srcset=\"https:\/\/lleidacf.cat\/wp-content\/uploads\/2023\/11\/WEB-1-1-1024x683.jpg 1024w, https:\/\/lleidacf.cat\/wp-content\/uploads\/2023\/11\/WEB-1-1-300x200.jpg 300w, https:\/\/lleidacf.cat\/wp-content\/uploads\/2023\/11\/WEB-1-1-768x512.jpg 768w, https:\/\/lleidacf.cat\/wp-content\/uploads\/2023\/11\/WEB-1-1-18x12.jpg 18w, https:\/\/lleidacf.cat\/wp-content\/uploads\/2023\/11\/WEB-1-1.jpg 1200w\" sizes=\"(max-width: 1275px) 100vw, 1275px\" \/><\/figure>\n\n\n\n<figure class=\"wp-block-gallery has-nested-images columns-default is-cropped wp-block-gallery-5 is-layout-flex wp-block-gallery-is-layout-flex\">\n<figure class=\"wp-block-image size-large\"><img loading=\"lazy\" decoding=\"async\" width=\"1024\" height=\"683\" data-id=\"4264\" src=\"https:\/\/lleidacf.cat\/wp-content\/uploads\/2023\/11\/WEB-3-1-1024x683.jpg\" alt=\"\" class=\"wp-image-4264\" srcset=\"https:\/\/lleidacf.cat\/wp-content\/uploads\/2023\/11\/WEB-3-1-1024x683.jpg 1024w, https:\/\/lleidacf.cat\/wp-content\/uploads\/2023\/11\/WEB-3-1-300x200.jpg 300w, https:\/\/lleidacf.cat\/wp-content\/uploads\/2023\/11\/WEB-3-1-768x512.jpg 768w, https:\/\/lleidacf.cat\/wp-content\/uploads\/2023\/11\/WEB-3-1-18x12.jpg 18w, https:\/\/lleidacf.cat\/wp-content\/uploads\/2023\/11\/WEB-3-1.jpg 1200w\" sizes=\"(max-width: 1024px) 100vw, 1024px\" \/><\/figure>\n\n\n\n<figure class=\"wp-block-image size-large\"><img loading=\"lazy\" decoding=\"async\" width=\"1024\" height=\"683\" data-id=\"4265\" src=\"https:\/\/lleidacf.cat\/wp-content\/uploads\/2023\/11\/WEB-2-1024x683.jpg\" alt=\"\" class=\"wp-image-4265\" srcset=\"https:\/\/lleidacf.cat\/wp-content\/uploads\/2023\/11\/WEB-2-1024x683.jpg 1024w, https:\/\/lleidacf.cat\/wp-content\/uploads\/2023\/11\/WEB-2-300x200.jpg 300w, https:\/\/lleidacf.cat\/wp-content\/uploads\/2023\/11\/WEB-2-768x512.jpg 768w, https:\/\/lleidacf.cat\/wp-content\/uploads\/2023\/11\/WEB-2-18x12.jpg 18w, https:\/\/lleidacf.cat\/wp-content\/uploads\/2023\/11\/WEB-2.jpg 1200w\" sizes=\"(max-width: 1024px) 100vw, 1024px\" \/><\/figure>\n<\/figure>","protected":false},"excerpt":{"rendered":"<p>La cita del Lleida Esportiu \u2013 CE Andratx s\u2019ha saldat amb la recollida de 200 litres d\u2019oli d\u2019oliva a benefici&#8230;<\/p>","protected":false},"author":6,"featured_media":4267,"comment_status":"closed","ping_status":"open","sticky":false,"template":"","format":"standard","meta":{"footnotes":""},"categories":[36,1],"tags":[],"temporada":[69],"club":[23],"class_list":["post-4243","post","type-post","status-publish","format-standard","has-post-thumbnail","hentry","category-noticies","category-rsc","temporada-2023-2024","club-lleida-esportiu"],"_links":{"self":[{"href":"https:\/\/lleidacf.cat\/es\/wp-json\/wp\/v2\/posts\/4243","targetHints":{"allow":["GET"]}}],"collection":[{"href":"https:\/\/lleidacf.cat\/es\/wp-json\/wp\/v2\/posts"}],"about":[{"href":"https:\/\/lleidacf.cat\/es\/wp-json\/wp\/v2\/types\/post"}],"author":[{"embeddable":true,"href":"https:\/\/lleidacf.cat\/es\/wp-json\/wp\/v2\/users\/6"}],"replies":[{"embeddable":true,"href":"https:\/\/lleidacf.cat\/es\/wp-json\/wp\/v2\/comments?post=4243"}],"version-history":[{"count":0,"href":"https:\/\/lleidacf.cat\/es\/wp-json\/wp\/v2\/posts\/4243\/revisions"}],"wp:featuredmedia":[{"embeddable":true,"href":"https:\/\/lleidacf.cat\/es\/wp-json\/wp\/v2\/media\/4267"}],"wp:attachment":[{"href":"https:\/\/lleidacf.cat\/es\/wp-json\/wp\/v2\/media?parent=4243"}],"wp:term":[{"taxonomy":"category","embeddable":true,"href":"https:\/\/lleidacf.cat\/es\/wp-json\/wp\/v2\/categories?post=4243"},{"taxonomy":"post_tag","embeddable":true,"href":"https:\/\/lleidacf.cat\/es\/wp-json\/wp\/v2\/tags?post=4243"},{"taxonomy":"temporada","embeddable":true,"href":"https:\/\/lleidacf.cat\/es\/wp-json\/wp\/v2\/temporada?post=4243"},{"taxonomy":"club","embeddable":true,"href":"https:\/\/lleidacf.cat\/es\/wp-json\/wp\/v2\/club?post=4243"}],"curies":[{"name":"wp","href":"https:\/\/api.w.org\/{rel}","templated":true}]}}