{"id":4393,"date":"2023-12-18T10:52:11","date_gmt":"2023-12-18T09:52:11","guid":{"rendered":"https:\/\/lleidaesportiu.futbol\/?p=4393"},"modified":"2024-01-17T11:39:30","modified_gmt":"2024-01-17T10:39:30","slug":"torna-el-partit-de-les-estrelles","status":"publish","type":"post","link":"https:\/\/lleidacf.cat\/es\/torna-el-partit-de-les-estrelles\/","title":{"rendered":"Torna el Partit de les Estrelles"},"content":{"rendered":"<p>Un any m\u00e9s, el Lleida Esportiu dona la benvinguda al Nadal amb el partit que disputaran els mitjans de comunicaci\u00f3 juntament amb empresaris contra pol\u00edtics, exjugadors i membres del club.<\/p>\n\n\n\n<p>Els dos equips, blau i vermell, estan citats dem\u00e0 dimarts a migdia al Camp d&#8217;Esports per a jugar un partidet a la gespa de l&#8217;estadi i compartir despr\u00e9s un dinar de germanor per felicitar-nos, tots plegats, les festes.<\/p>\n\n\n\n<p>L&#8217;activitat \u00e9s oberta al p\u00fablic que vulgui acompanyar-nos i animar a les grades als espor\u00e0dics futbolistes que seran estrelles per un dia en una convocat\u00f2ria singular.<\/p>","protected":false},"excerpt":{"rendered":"<p>Un any m\u00e9s, el Lleida Esportiu dona la benvinguda al Nadal amb el partit que disputaran els mitjans de comunicaci\u00f3&#8230;<\/p>","protected":false},"author":6,"featured_media":4394,"comment_status":"closed","ping_status":"open","sticky":false,"template":"","format":"standard","meta":{"footnotes":""},"categories":[36],"tags":[],"temporada":[69],"club":[23],"class_list":["post-4393","post","type-post","status-publish","format-standard","has-post-thumbnail","hentry","category-noticies","temporada-2023-2024","club-lleida-esportiu"],"_links":{"self":[{"href":"https:\/\/lleidacf.cat\/es\/wp-json\/wp\/v2\/posts\/4393","targetHints":{"allow":["GET"]}}],"collection":[{"href":"https:\/\/lleidacf.cat\/es\/wp-json\/wp\/v2\/posts"}],"about":[{"href":"https:\/\/lleidacf.cat\/es\/wp-json\/wp\/v2\/types\/post"}],"author":[{"embeddable":true,"href":"https:\/\/lleidacf.cat\/es\/wp-json\/wp\/v2\/users\/6"}],"replies":[{"embeddable":true,"href":"https:\/\/lleidacf.cat\/es\/wp-json\/wp\/v2\/comments?post=4393"}],"version-history":[{"count":0,"href":"https:\/\/lleidacf.cat\/es\/wp-json\/wp\/v2\/posts\/4393\/revisions"}],"wp:featuredmedia":[{"embeddable":true,"href":"https:\/\/lleidacf.cat\/es\/wp-json\/wp\/v2\/media\/4394"}],"wp:attachment":[{"href":"https:\/\/lleidacf.cat\/es\/wp-json\/wp\/v2\/media?parent=4393"}],"wp:term":[{"taxonomy":"category","embeddable":true,"href":"https:\/\/lleidacf.cat\/es\/wp-json\/wp\/v2\/categories?post=4393"},{"taxonomy":"post_tag","embeddable":true,"href":"https:\/\/lleidacf.cat\/es\/wp-json\/wp\/v2\/tags?post=4393"},{"taxonomy":"temporada","embeddable":true,"href":"https:\/\/lleidacf.cat\/es\/wp-json\/wp\/v2\/temporada?post=4393"},{"taxonomy":"club","embeddable":true,"href":"https:\/\/lleidacf.cat\/es\/wp-json\/wp\/v2\/club?post=4393"}],"curies":[{"name":"wp","href":"https:\/\/api.w.org\/{rel}","templated":true}]}}