{"id":4578,"date":"2023-12-28T12:47:02","date_gmt":"2023-12-28T11:47:02","guid":{"rendered":"https:\/\/lleidaesportiu.futbol\/?p=4578"},"modified":"2024-01-02T12:54:30","modified_gmt":"2024-01-02T11:54:30","slug":"assolim-la-xifra-de-2-200-abonats","status":"publish","type":"post","link":"https:\/\/lleidacf.cat\/es\/assolim-la-xifra-de-2-200-abonats\/","title":{"rendered":"Assolim la xifra de 2.200 abonats"},"content":{"rendered":"<p>Aquest Nadal continuem sumant abonades i abonats al projecte blau; aficionats que desitgen gaudir dels partits de la temporada que encara s&#8217;han de jugar: l&#8217;hist\u00f2ric que enfrontar\u00e0, diumenge 7 de gener, al l\u00edder de la categoria, el Lleida Esportiu, amb el segon a la taula classificat\u00f2ria, l&#8217;H\u00e9rcules i la resta de xocs al Camp d&#8217;Esports de tota la Segona Volta.  <\/p>\n\n\n\n<p>Gr\u00e0cies blaves i blaus, entre tots ho farem possible!<\/p>\n\n\n\n<figure class=\"wp-block-image size-large\"><img fetchpriority=\"high\" decoding=\"async\" width=\"819\" height=\"1024\" src=\"https:\/\/lleidacf.cat\/wp-content\/uploads\/2024\/01\/ABONAT-2.200-2-819x1024.jpeg\" alt=\"\" class=\"wp-image-4581\" srcset=\"https:\/\/lleidacf.cat\/wp-content\/uploads\/2024\/01\/ABONAT-2.200-2-819x1024.jpeg 819w, https:\/\/lleidacf.cat\/wp-content\/uploads\/2024\/01\/ABONAT-2.200-2-240x300.jpeg 240w, https:\/\/lleidacf.cat\/wp-content\/uploads\/2024\/01\/ABONAT-2.200-2-768x960.jpeg 768w, https:\/\/lleidacf.cat\/wp-content\/uploads\/2024\/01\/ABONAT-2.200-2-10x12.jpeg 10w, https:\/\/lleidacf.cat\/wp-content\/uploads\/2024\/01\/ABONAT-2.200-2.jpeg 1080w\" sizes=\"(max-width: 819px) 100vw, 819px\" \/><\/figure>","protected":false},"excerpt":{"rendered":"<p>Aquest Nadal continuem sumant abonades i abonats al projecte blau; aficionats que desitgen gaudir dels partits de la temporada que&#8230;<\/p>","protected":false},"author":6,"featured_media":4580,"comment_status":"closed","ping_status":"open","sticky":false,"template":"","format":"standard","meta":{"footnotes":""},"categories":[36],"tags":[],"temporada":[69],"club":[23],"class_list":["post-4578","post","type-post","status-publish","format-standard","has-post-thumbnail","hentry","category-noticies","temporada-2023-2024","club-lleida-esportiu"],"_links":{"self":[{"href":"https:\/\/lleidacf.cat\/es\/wp-json\/wp\/v2\/posts\/4578","targetHints":{"allow":["GET"]}}],"collection":[{"href":"https:\/\/lleidacf.cat\/es\/wp-json\/wp\/v2\/posts"}],"about":[{"href":"https:\/\/lleidacf.cat\/es\/wp-json\/wp\/v2\/types\/post"}],"author":[{"embeddable":true,"href":"https:\/\/lleidacf.cat\/es\/wp-json\/wp\/v2\/users\/6"}],"replies":[{"embeddable":true,"href":"https:\/\/lleidacf.cat\/es\/wp-json\/wp\/v2\/comments?post=4578"}],"version-history":[{"count":0,"href":"https:\/\/lleidacf.cat\/es\/wp-json\/wp\/v2\/posts\/4578\/revisions"}],"wp:featuredmedia":[{"embeddable":true,"href":"https:\/\/lleidacf.cat\/es\/wp-json\/wp\/v2\/media\/4580"}],"wp:attachment":[{"href":"https:\/\/lleidacf.cat\/es\/wp-json\/wp\/v2\/media?parent=4578"}],"wp:term":[{"taxonomy":"category","embeddable":true,"href":"https:\/\/lleidacf.cat\/es\/wp-json\/wp\/v2\/categories?post=4578"},{"taxonomy":"post_tag","embeddable":true,"href":"https:\/\/lleidacf.cat\/es\/wp-json\/wp\/v2\/tags?post=4578"},{"taxonomy":"temporada","embeddable":true,"href":"https:\/\/lleidacf.cat\/es\/wp-json\/wp\/v2\/temporada?post=4578"},{"taxonomy":"club","embeddable":true,"href":"https:\/\/lleidacf.cat\/es\/wp-json\/wp\/v2\/club?post=4578"}],"curies":[{"name":"wp","href":"https:\/\/api.w.org\/{rel}","templated":true}]}}