{"id":4701,"date":"2024-01-16T12:01:15","date_gmt":"2024-01-16T11:01:15","guid":{"rendered":"https:\/\/lleidaesportiu.futbol\/?p=4701"},"modified":"2024-01-16T15:07:45","modified_gmt":"2024-01-16T14:07:45","slug":"solidaritat-blava-ara-amb-lleida-pels-refugiats","status":"publish","type":"post","link":"https:\/\/lleidacf.cat\/es\/solidaritat-blava-ara-amb-lleida-pels-refugiats\/","title":{"rendered":"Solidaritat blava, ara amb Lleida pels Refugiats"},"content":{"rendered":"<p>El Lleida Esportiu-La Nuc\u00eda ha estat un partit important que, a banda de retornar el lideratge a l&#8217;equip, ha fet novament evident la solidaritat de l&#8217;afici\u00f3 blava.<\/p>\n\n\n\n<p>Lleida pels Refugiats ha estat protagonista a les diferents portes d&#8217;acc\u00e9s del Camp d&#8217;Esports on tothom que ho ha volgut ha pogut col\u00b7laborar amb l\u2019entitat.<\/p>\n\n\n\n<p>I \u00e9s que el seu voluntariat est\u00e0 preparant una caravana solid\u00e0ria que portar\u00e0 fins als camps del S\u00e0hara materials diversos que els s\u00f3n molt necessaris a les persones que hi viuen: diferents tipologies de medicaments, aliments com cereals, mel, cacau en pols, galetes, productes de neteja com raspalls i pasta de dents aix\u00ed com les aportacions econ\u00f2miques que serveixen per materialitzar-se en projectes d&#8217;ajuda.<\/p>\n\n\n\n<p>El club tamb\u00e9 ha contribu\u00eft oferint uns equipaments esportius perqu\u00e8 els joves puguin entretenir-se i gaudir amb la pr\u00e0ctica del futbol.<\/p>\n\n\n\n<p>La donaci\u00f3 d&#8217;oli d&#8217;oliva ha suposat l&#8217;entrada gratu\u00efta a l&#8217;estadi i la iniciativa ha perm\u00e8s recollir m\u00e9s d&#8217;un centenar de litres d&#8217;aquest tresor l\u00edquid saludable i preuat.<\/p>\n\n\n\n<p>Les nenes i nens sahrau\u00eds, que formen part del projecte &#8216;Haima acull. Somriures de sorra&#8217;, han gaudit, una vegada m\u00e9s, de la cita esportiva des de les grades acompanyat del Sr. Postu-Postureig Lleida que sempre col\u00b7labora amb aquesta causa amb les seves campanyes i la seva difusi\u00f3.<\/p>\n\n\n\n<p>Moltes gr\u00e0cies per la vostra contribuci\u00f3!!<\/p>\n\n\n\n<figure class=\"wp-block-image size-large\"><img fetchpriority=\"high\" decoding=\"async\" width=\"1024\" height=\"683\" src=\"https:\/\/lleidacf.cat\/wp-content\/uploads\/2024\/01\/Foto-Oficial-Jordi-Echevarria_2-1024x683.jpg\" alt=\"\" class=\"wp-image-4703\" srcset=\"https:\/\/lleidacf.cat\/wp-content\/uploads\/2024\/01\/Foto-Oficial-Jordi-Echevarria_2-1024x683.jpg 1024w, https:\/\/lleidacf.cat\/wp-content\/uploads\/2024\/01\/Foto-Oficial-Jordi-Echevarria_2-300x200.jpg 300w, https:\/\/lleidacf.cat\/wp-content\/uploads\/2024\/01\/Foto-Oficial-Jordi-Echevarria_2-768x512.jpg 768w, https:\/\/lleidacf.cat\/wp-content\/uploads\/2024\/01\/Foto-Oficial-Jordi-Echevarria_2-18x12.jpg 18w, https:\/\/lleidacf.cat\/wp-content\/uploads\/2024\/01\/Foto-Oficial-Jordi-Echevarria_2.jpg 1200w\" sizes=\"(max-width: 1024px) 100vw, 1024px\" \/><\/figure>\n\n\n\n<figure class=\"wp-block-image size-large\"><img decoding=\"async\" width=\"1024\" height=\"683\" src=\"https:\/\/lleidacf.cat\/wp-content\/uploads\/2024\/01\/Foto-Oficial-Jordi-Echevarria_3-1024x683.jpg\" alt=\"\" class=\"wp-image-4704\" srcset=\"https:\/\/lleidacf.cat\/wp-content\/uploads\/2024\/01\/Foto-Oficial-Jordi-Echevarria_3-1024x683.jpg 1024w, https:\/\/lleidacf.cat\/wp-content\/uploads\/2024\/01\/Foto-Oficial-Jordi-Echevarria_3-300x200.jpg 300w, https:\/\/lleidacf.cat\/wp-content\/uploads\/2024\/01\/Foto-Oficial-Jordi-Echevarria_3-768x512.jpg 768w, https:\/\/lleidacf.cat\/wp-content\/uploads\/2024\/01\/Foto-Oficial-Jordi-Echevarria_3-18x12.jpg 18w, https:\/\/lleidacf.cat\/wp-content\/uploads\/2024\/01\/Foto-Oficial-Jordi-Echevarria_3.jpg 1200w\" sizes=\"(max-width: 1024px) 100vw, 1024px\" \/><\/figure>\n\n\n\n<figure class=\"wp-block-gallery has-nested-images columns-default is-cropped wp-block-gallery-1 is-layout-flex wp-block-gallery-is-layout-flex\">\n<figure class=\"wp-block-image size-large\"><img decoding=\"async\" width=\"1024\" height=\"683\" data-id=\"4706\" src=\"https:\/\/lleidacf.cat\/wp-content\/uploads\/2024\/01\/Foto-Oficial-Jordi-Echevarria_1-1024x683.jpg\" alt=\"\" class=\"wp-image-4706\" srcset=\"https:\/\/lleidacf.cat\/wp-content\/uploads\/2024\/01\/Foto-Oficial-Jordi-Echevarria_1-1024x683.jpg 1024w, https:\/\/lleidacf.cat\/wp-content\/uploads\/2024\/01\/Foto-Oficial-Jordi-Echevarria_1-300x200.jpg 300w, https:\/\/lleidacf.cat\/wp-content\/uploads\/2024\/01\/Foto-Oficial-Jordi-Echevarria_1-768x512.jpg 768w, https:\/\/lleidacf.cat\/wp-content\/uploads\/2024\/01\/Foto-Oficial-Jordi-Echevarria_1-18x12.jpg 18w, https:\/\/lleidacf.cat\/wp-content\/uploads\/2024\/01\/Foto-Oficial-Jordi-Echevarria_1.jpg 1200w\" sizes=\"(max-width: 1024px) 100vw, 1024px\" \/><\/figure>\n\n\n\n<figure class=\"wp-block-image size-large\"><img loading=\"lazy\" decoding=\"async\" width=\"1024\" height=\"683\" data-id=\"4712\" src=\"https:\/\/lleidacf.cat\/wp-content\/uploads\/2024\/01\/Foto-Oficial-Jordi-Echevarria_18-1024x683.jpg\" alt=\"\" class=\"wp-image-4712\" srcset=\"https:\/\/lleidacf.cat\/wp-content\/uploads\/2024\/01\/Foto-Oficial-Jordi-Echevarria_18-1024x683.jpg 1024w, https:\/\/lleidacf.cat\/wp-content\/uploads\/2024\/01\/Foto-Oficial-Jordi-Echevarria_18-300x200.jpg 300w, https:\/\/lleidacf.cat\/wp-content\/uploads\/2024\/01\/Foto-Oficial-Jordi-Echevarria_18-768x512.jpg 768w, https:\/\/lleidacf.cat\/wp-content\/uploads\/2024\/01\/Foto-Oficial-Jordi-Echevarria_18-18x12.jpg 18w, https:\/\/lleidacf.cat\/wp-content\/uploads\/2024\/01\/Foto-Oficial-Jordi-Echevarria_18.jpg 1200w\" sizes=\"(max-width: 1024px) 100vw, 1024px\" \/><\/figure>\n\n\n\n<figure class=\"wp-block-image size-large\"><img loading=\"lazy\" decoding=\"async\" width=\"1024\" height=\"683\" data-id=\"4705\" src=\"https:\/\/lleidacf.cat\/wp-content\/uploads\/2024\/01\/Foto-Oficial-Jordi-Echevarria-1024x683.jpg\" alt=\"\" class=\"wp-image-4705\" srcset=\"https:\/\/lleidacf.cat\/wp-content\/uploads\/2024\/01\/Foto-Oficial-Jordi-Echevarria-1024x683.jpg 1024w, https:\/\/lleidacf.cat\/wp-content\/uploads\/2024\/01\/Foto-Oficial-Jordi-Echevarria-300x200.jpg 300w, https:\/\/lleidacf.cat\/wp-content\/uploads\/2024\/01\/Foto-Oficial-Jordi-Echevarria-768x512.jpg 768w, https:\/\/lleidacf.cat\/wp-content\/uploads\/2024\/01\/Foto-Oficial-Jordi-Echevarria-18x12.jpg 18w, https:\/\/lleidacf.cat\/wp-content\/uploads\/2024\/01\/Foto-Oficial-Jordi-Echevarria.jpg 1200w\" sizes=\"(max-width: 1024px) 100vw, 1024px\" \/><\/figure>\n<\/figure>\n\n\n\n<figure class=\"wp-block-gallery has-nested-images columns-default is-cropped wp-block-gallery-2 is-layout-flex wp-block-gallery-is-layout-flex\">\n<figure class=\"wp-block-image size-large\"><img loading=\"lazy\" decoding=\"async\" width=\"1000\" height=\"750\" data-id=\"4707\" src=\"https:\/\/lleidacf.cat\/wp-content\/uploads\/2024\/01\/WhatsApp-Image-2024-01-14-at-19.46.46-3.jpeg\" alt=\"\" class=\"wp-image-4707\" srcset=\"https:\/\/lleidacf.cat\/wp-content\/uploads\/2024\/01\/WhatsApp-Image-2024-01-14-at-19.46.46-3.jpeg 1000w, https:\/\/lleidacf.cat\/wp-content\/uploads\/2024\/01\/WhatsApp-Image-2024-01-14-at-19.46.46-3-300x225.jpeg 300w, https:\/\/lleidacf.cat\/wp-content\/uploads\/2024\/01\/WhatsApp-Image-2024-01-14-at-19.46.46-3-768x576.jpeg 768w, https:\/\/lleidacf.cat\/wp-content\/uploads\/2024\/01\/WhatsApp-Image-2024-01-14-at-19.46.46-3-16x12.jpeg 16w\" sizes=\"(max-width: 1000px) 100vw, 1000px\" \/><\/figure>\n\n\n\n<figure class=\"wp-block-image size-large\"><img loading=\"lazy\" decoding=\"async\" width=\"578\" height=\"1024\" data-id=\"4709\" src=\"https:\/\/lleidacf.cat\/wp-content\/uploads\/2024\/01\/WhatsApp-Image-2024-01-14-at-19.46.46-4-578x1024.jpeg\" alt=\"\" class=\"wp-image-4709\" srcset=\"https:\/\/lleidacf.cat\/wp-content\/uploads\/2024\/01\/WhatsApp-Image-2024-01-14-at-19.46.46-4-578x1024.jpeg 578w, https:\/\/lleidacf.cat\/wp-content\/uploads\/2024\/01\/WhatsApp-Image-2024-01-14-at-19.46.46-4-169x300.jpeg 169w, https:\/\/lleidacf.cat\/wp-content\/uploads\/2024\/01\/WhatsApp-Image-2024-01-14-at-19.46.46-4-768x1362.jpeg 768w, https:\/\/lleidacf.cat\/wp-content\/uploads\/2024\/01\/WhatsApp-Image-2024-01-14-at-19.46.46-4-866x1536.jpeg 866w, https:\/\/lleidacf.cat\/wp-content\/uploads\/2024\/01\/WhatsApp-Image-2024-01-14-at-19.46.46-4-7x12.jpeg 7w, https:\/\/lleidacf.cat\/wp-content\/uploads\/2024\/01\/WhatsApp-Image-2024-01-14-at-19.46.46-4.jpeg 1128w\" sizes=\"(max-width: 578px) 100vw, 578px\" \/><\/figure>\n\n\n\n<figure class=\"wp-block-image size-large\"><img loading=\"lazy\" decoding=\"async\" width=\"1024\" height=\"578\" data-id=\"4710\" src=\"https:\/\/lleidacf.cat\/wp-content\/uploads\/2024\/01\/WhatsApp-Image-2024-01-14-at-19.46.46-5-1024x578.jpeg\" alt=\"\" class=\"wp-image-4710\" srcset=\"https:\/\/lleidacf.cat\/wp-content\/uploads\/2024\/01\/WhatsApp-Image-2024-01-14-at-19.46.46-5-1024x578.jpeg 1024w, https:\/\/lleidacf.cat\/wp-content\/uploads\/2024\/01\/WhatsApp-Image-2024-01-14-at-19.46.46-5-300x169.jpeg 300w, https:\/\/lleidacf.cat\/wp-content\/uploads\/2024\/01\/WhatsApp-Image-2024-01-14-at-19.46.46-5-768x433.jpeg 768w, https:\/\/lleidacf.cat\/wp-content\/uploads\/2024\/01\/WhatsApp-Image-2024-01-14-at-19.46.46-5-1536x866.jpeg 1536w, https:\/\/lleidacf.cat\/wp-content\/uploads\/2024\/01\/WhatsApp-Image-2024-01-14-at-19.46.46-5-18x10.jpeg 18w, https:\/\/lleidacf.cat\/wp-content\/uploads\/2024\/01\/WhatsApp-Image-2024-01-14-at-19.46.46-5.jpeg 2000w\" sizes=\"(max-width: 1024px) 100vw, 1024px\" \/><\/figure>\n\n\n\n<figure class=\"wp-block-image size-large\"><img loading=\"lazy\" decoding=\"async\" width=\"1000\" height=\"750\" data-id=\"4708\" src=\"https:\/\/lleidacf.cat\/wp-content\/uploads\/2024\/01\/WhatsApp-Image-2024-01-14-at-19.46.46-2.jpeg\" alt=\"\" class=\"wp-image-4708\" srcset=\"https:\/\/lleidacf.cat\/wp-content\/uploads\/2024\/01\/WhatsApp-Image-2024-01-14-at-19.46.46-2.jpeg 1000w, https:\/\/lleidacf.cat\/wp-content\/uploads\/2024\/01\/WhatsApp-Image-2024-01-14-at-19.46.46-2-300x225.jpeg 300w, https:\/\/lleidacf.cat\/wp-content\/uploads\/2024\/01\/WhatsApp-Image-2024-01-14-at-19.46.46-2-768x576.jpeg 768w, https:\/\/lleidacf.cat\/wp-content\/uploads\/2024\/01\/WhatsApp-Image-2024-01-14-at-19.46.46-2-16x12.jpeg 16w\" sizes=\"(max-width: 1000px) 100vw, 1000px\" \/><\/figure>\n<\/figure>\n\n\n\n<figure class=\"wp-block-image size-large\"><img loading=\"lazy\" decoding=\"async\" width=\"1024\" height=\"1024\" src=\"https:\/\/lleidacf.cat\/wp-content\/uploads\/2024\/01\/WhatsApp-Image-2024-01-14-at-19.46.46-1024x1024.jpeg\" alt=\"\" class=\"wp-image-4711\" srcset=\"https:\/\/lleidacf.cat\/wp-content\/uploads\/2024\/01\/WhatsApp-Image-2024-01-14-at-19.46.46-1024x1024.jpeg 1024w, https:\/\/lleidacf.cat\/wp-content\/uploads\/2024\/01\/WhatsApp-Image-2024-01-14-at-19.46.46-300x300.jpeg 300w, https:\/\/lleidacf.cat\/wp-content\/uploads\/2024\/01\/WhatsApp-Image-2024-01-14-at-19.46.46-150x150.jpeg 150w, https:\/\/lleidacf.cat\/wp-content\/uploads\/2024\/01\/WhatsApp-Image-2024-01-14-at-19.46.46-768x768.jpeg 768w, https:\/\/lleidacf.cat\/wp-content\/uploads\/2024\/01\/WhatsApp-Image-2024-01-14-at-19.46.46-1536x1536.jpeg 1536w, https:\/\/lleidacf.cat\/wp-content\/uploads\/2024\/01\/WhatsApp-Image-2024-01-14-at-19.46.46-12x12.jpeg 12w, https:\/\/lleidacf.cat\/wp-content\/uploads\/2024\/01\/WhatsApp-Image-2024-01-14-at-19.46.46.jpeg 2048w\" sizes=\"(max-width: 1024px) 100vw, 1024px\" \/><\/figure>","protected":false},"excerpt":{"rendered":"<p>El Lleida Esportiu-La Nuc\u00eda ha estat un partit important que, a banda de retornar el lideratge a l&#8217;equip, ha fet&#8230;<\/p>","protected":false},"author":6,"featured_media":4702,"comment_status":"closed","ping_status":"open","sticky":false,"template":"","format":"standard","meta":{"footnotes":""},"categories":[36,1],"tags":[],"temporada":[69],"club":[23],"class_list":["post-4701","post","type-post","status-publish","format-standard","has-post-thumbnail","hentry","category-noticies","category-rsc","temporada-2023-2024","club-lleida-esportiu"],"_links":{"self":[{"href":"https:\/\/lleidacf.cat\/es\/wp-json\/wp\/v2\/posts\/4701","targetHints":{"allow":["GET"]}}],"collection":[{"href":"https:\/\/lleidacf.cat\/es\/wp-json\/wp\/v2\/posts"}],"about":[{"href":"https:\/\/lleidacf.cat\/es\/wp-json\/wp\/v2\/types\/post"}],"author":[{"embeddable":true,"href":"https:\/\/lleidacf.cat\/es\/wp-json\/wp\/v2\/users\/6"}],"replies":[{"embeddable":true,"href":"https:\/\/lleidacf.cat\/es\/wp-json\/wp\/v2\/comments?post=4701"}],"version-history":[{"count":0,"href":"https:\/\/lleidacf.cat\/es\/wp-json\/wp\/v2\/posts\/4701\/revisions"}],"wp:featuredmedia":[{"embeddable":true,"href":"https:\/\/lleidacf.cat\/es\/wp-json\/wp\/v2\/media\/4702"}],"wp:attachment":[{"href":"https:\/\/lleidacf.cat\/es\/wp-json\/wp\/v2\/media?parent=4701"}],"wp:term":[{"taxonomy":"category","embeddable":true,"href":"https:\/\/lleidacf.cat\/es\/wp-json\/wp\/v2\/categories?post=4701"},{"taxonomy":"post_tag","embeddable":true,"href":"https:\/\/lleidacf.cat\/es\/wp-json\/wp\/v2\/tags?post=4701"},{"taxonomy":"temporada","embeddable":true,"href":"https:\/\/lleidacf.cat\/es\/wp-json\/wp\/v2\/temporada?post=4701"},{"taxonomy":"club","embeddable":true,"href":"https:\/\/lleidacf.cat\/es\/wp-json\/wp\/v2\/club?post=4701"}],"curies":[{"name":"wp","href":"https:\/\/api.w.org\/{rel}","templated":true}]}}