{"id":4770,"date":"2024-01-26T22:13:06","date_gmt":"2024-01-26T21:13:06","guid":{"rendered":"https:\/\/lleidaesportiu.futbol\/?p=4770"},"modified":"2024-01-26T22:13:06","modified_gmt":"2024-01-26T21:13:06","slug":"leonardo-rossi-fitxa-pel-lleida","status":"publish","type":"post","link":"https:\/\/lleidacf.cat\/es\/leonardo-rossi-fitxa-pel-lleida\/","title":{"rendered":"Leonardo Rossi fitxa pel Lleida"},"content":{"rendered":"<p>El jugador del N\u00e0pols, internacional amb la selecci\u00f3 italiana sub-18, s\u2019incorpora al Lleida Esportiu. Leonardo Paolo Rossi va n\u00e9ixer a Roma fa 19 anys i abans de recalar al Napoli U-18 va formar-se i desenvolupar la seva carrera futbol\u00edstica al Milan. Ara, ser\u00e0 un nou davanter per a la plantilla blava. <\/p>\n\n\n\n<figure class=\"wp-block-image size-large\"><img fetchpriority=\"high\" decoding=\"async\" width=\"819\" height=\"1024\" src=\"https:\/\/lleidacf.cat\/wp-content\/uploads\/2024\/01\/LEONARDO-ROSSI-VERTICAL-1-819x1024.jpeg\" alt=\"\" class=\"wp-image-4772\" srcset=\"https:\/\/lleidacf.cat\/wp-content\/uploads\/2024\/01\/LEONARDO-ROSSI-VERTICAL-1-819x1024.jpeg 819w, https:\/\/lleidacf.cat\/wp-content\/uploads\/2024\/01\/LEONARDO-ROSSI-VERTICAL-1-240x300.jpeg 240w, https:\/\/lleidacf.cat\/wp-content\/uploads\/2024\/01\/LEONARDO-ROSSI-VERTICAL-1-768x960.jpeg 768w, https:\/\/lleidacf.cat\/wp-content\/uploads\/2024\/01\/LEONARDO-ROSSI-VERTICAL-1-10x12.jpeg 10w, https:\/\/lleidacf.cat\/wp-content\/uploads\/2024\/01\/LEONARDO-ROSSI-VERTICAL-1.jpeg 1080w\" sizes=\"(max-width: 819px) 100vw, 819px\" \/><\/figure>","protected":false},"excerpt":{"rendered":"<p>El jugador del N\u00e0pols, internacional amb la selecci\u00f3 italiana sub-18, s\u2019incorpora al Lleida Esportiu. Leonardo Paolo Rossi va n\u00e9ixer a&#8230;<\/p>","protected":false},"author":6,"featured_media":4771,"comment_status":"closed","ping_status":"open","sticky":false,"template":"","format":"standard","meta":{"footnotes":""},"categories":[36],"tags":[],"temporada":[69],"club":[23],"class_list":["post-4770","post","type-post","status-publish","format-standard","has-post-thumbnail","hentry","category-noticies","temporada-2023-2024","club-lleida-esportiu"],"_links":{"self":[{"href":"https:\/\/lleidacf.cat\/es\/wp-json\/wp\/v2\/posts\/4770","targetHints":{"allow":["GET"]}}],"collection":[{"href":"https:\/\/lleidacf.cat\/es\/wp-json\/wp\/v2\/posts"}],"about":[{"href":"https:\/\/lleidacf.cat\/es\/wp-json\/wp\/v2\/types\/post"}],"author":[{"embeddable":true,"href":"https:\/\/lleidacf.cat\/es\/wp-json\/wp\/v2\/users\/6"}],"replies":[{"embeddable":true,"href":"https:\/\/lleidacf.cat\/es\/wp-json\/wp\/v2\/comments?post=4770"}],"version-history":[{"count":0,"href":"https:\/\/lleidacf.cat\/es\/wp-json\/wp\/v2\/posts\/4770\/revisions"}],"wp:featuredmedia":[{"embeddable":true,"href":"https:\/\/lleidacf.cat\/es\/wp-json\/wp\/v2\/media\/4771"}],"wp:attachment":[{"href":"https:\/\/lleidacf.cat\/es\/wp-json\/wp\/v2\/media?parent=4770"}],"wp:term":[{"taxonomy":"category","embeddable":true,"href":"https:\/\/lleidacf.cat\/es\/wp-json\/wp\/v2\/categories?post=4770"},{"taxonomy":"post_tag","embeddable":true,"href":"https:\/\/lleidacf.cat\/es\/wp-json\/wp\/v2\/tags?post=4770"},{"taxonomy":"temporada","embeddable":true,"href":"https:\/\/lleidacf.cat\/es\/wp-json\/wp\/v2\/temporada?post=4770"},{"taxonomy":"club","embeddable":true,"href":"https:\/\/lleidacf.cat\/es\/wp-json\/wp\/v2\/club?post=4770"}],"curies":[{"name":"wp","href":"https:\/\/api.w.org\/{rel}","templated":true}]}}