{"id":4826,"date":"2024-02-05T14:58:25","date_gmt":"2024-02-05T13:58:25","guid":{"rendered":"https:\/\/lleidaesportiu.futbol\/?p=4826"},"modified":"2024-02-13T14:40:11","modified_gmt":"2024-02-13T13:40:11","slug":"bracalets-verds-contra-el-cancer-al-lleida-esportiu","status":"publish","type":"post","link":"https:\/\/lleidacf.cat\/es\/bracalets-verds-contra-el-cancer-al-lleida-esportiu\/","title":{"rendered":"Bra\u00e7alets verds contra el c\u00e0ncer"},"content":{"rendered":"<p>Al Lleida Esportiu ens hem adherit a la campanya \u2018Bra\u00e7alets d\u2019esperan\u00e7a\u2019, un s\u00edmbol d\u2019unitat en la voluntat d&#8217;aconseguir el 70% de superviv\u00e8ncia a una malaltia que patiran 1 de cada 2 homes i 1 de cada 3 dones. <\/p>\n\n\n\n<p>Coincidint amb el Dia Mundial contra el c\u00e0ncer hem contribuit a difondre el missatge de l&#8217;associaci\u00f3 Contra el c\u00e0ncer Lleida perqu\u00e8 siguem conscients que cal multiplicar els esfor\u00e7os en investigaci\u00f3, suport i empatia amb les i els malalts. <\/p>\n\n\n\n<p>Hem llu\u00eft els bra\u00e7alets de l&#8217;esperan\u00e7a als entrenaments a l&#8217;Annex i al partit a domicili que hem jugat contra l&#8217;Atl\u00e8tic Saguntino. <\/p>\n\n\n\n<figure class=\"wp-block-image size-large\"><img fetchpriority=\"high\" decoding=\"async\" width=\"1024\" height=\"683\" src=\"https:\/\/lleidacf.cat\/wp-content\/uploads\/2024\/02\/FOTO_4-1024x683.jpg\" alt=\"\" class=\"wp-image-4827\" srcset=\"https:\/\/lleidacf.cat\/wp-content\/uploads\/2024\/02\/FOTO_4-1024x683.jpg 1024w, https:\/\/lleidacf.cat\/wp-content\/uploads\/2024\/02\/FOTO_4-300x200.jpg 300w, https:\/\/lleidacf.cat\/wp-content\/uploads\/2024\/02\/FOTO_4-768x512.jpg 768w, https:\/\/lleidacf.cat\/wp-content\/uploads\/2024\/02\/FOTO_4-18x12.jpg 18w, https:\/\/lleidacf.cat\/wp-content\/uploads\/2024\/02\/FOTO_4.jpg 1200w\" sizes=\"(max-width: 1024px) 100vw, 1024px\" \/><\/figure>\n\n\n\n<figure class=\"wp-block-image size-large\"><img decoding=\"async\" width=\"1024\" height=\"683\" src=\"https:\/\/lleidacf.cat\/wp-content\/uploads\/2024\/02\/FOTO_5-1024x683.jpg\" alt=\"\" class=\"wp-image-4828\" srcset=\"https:\/\/lleidacf.cat\/wp-content\/uploads\/2024\/02\/FOTO_5-1024x683.jpg 1024w, https:\/\/lleidacf.cat\/wp-content\/uploads\/2024\/02\/FOTO_5-300x200.jpg 300w, https:\/\/lleidacf.cat\/wp-content\/uploads\/2024\/02\/FOTO_5-768x512.jpg 768w, https:\/\/lleidacf.cat\/wp-content\/uploads\/2024\/02\/FOTO_5-18x12.jpg 18w, https:\/\/lleidacf.cat\/wp-content\/uploads\/2024\/02\/FOTO_5.jpg 1200w\" sizes=\"(max-width: 1024px) 100vw, 1024px\" \/><\/figure>\n\n\n\n<figure class=\"wp-block-image size-large\"><img decoding=\"async\" width=\"1024\" height=\"683\" src=\"https:\/\/lleidacf.cat\/wp-content\/uploads\/2024\/02\/FOTO_7-1024x683.jpg\" alt=\"\" class=\"wp-image-4829\" srcset=\"https:\/\/lleidacf.cat\/wp-content\/uploads\/2024\/02\/FOTO_7-1024x683.jpg 1024w, https:\/\/lleidacf.cat\/wp-content\/uploads\/2024\/02\/FOTO_7-300x200.jpg 300w, https:\/\/lleidacf.cat\/wp-content\/uploads\/2024\/02\/FOTO_7-768x512.jpg 768w, https:\/\/lleidacf.cat\/wp-content\/uploads\/2024\/02\/FOTO_7-18x12.jpg 18w, https:\/\/lleidacf.cat\/wp-content\/uploads\/2024\/02\/FOTO_7.jpg 1200w\" sizes=\"(max-width: 1024px) 100vw, 1024px\" \/><\/figure>\n\n\n\n<figure class=\"wp-block-image size-large\"><img loading=\"lazy\" decoding=\"async\" width=\"723\" height=\"1024\" src=\"https:\/\/lleidacf.cat\/wp-content\/uploads\/2024\/02\/BRACALETS-VERDS-ESPERANCA-723x1024.jpeg\" alt=\"\" class=\"wp-image-4830\" srcset=\"https:\/\/lleidacf.cat\/wp-content\/uploads\/2024\/02\/BRACALETS-VERDS-ESPERANCA-723x1024.jpeg 723w, https:\/\/lleidacf.cat\/wp-content\/uploads\/2024\/02\/BRACALETS-VERDS-ESPERANCA-212x300.jpeg 212w, https:\/\/lleidacf.cat\/wp-content\/uploads\/2024\/02\/BRACALETS-VERDS-ESPERANCA-768x1087.jpeg 768w, https:\/\/lleidacf.cat\/wp-content\/uploads\/2024\/02\/BRACALETS-VERDS-ESPERANCA-1085x1536.jpeg 1085w, https:\/\/lleidacf.cat\/wp-content\/uploads\/2024\/02\/BRACALETS-VERDS-ESPERANCA-8x12.jpeg 8w, https:\/\/lleidacf.cat\/wp-content\/uploads\/2024\/02\/BRACALETS-VERDS-ESPERANCA.jpeg 1130w\" sizes=\"(max-width: 723px) 100vw, 723px\" \/><\/figure>","protected":false},"excerpt":{"rendered":"<p>Al Lleida Esportiu ens hem adherit a la campanya \u2018Bra\u00e7alets d\u2019esperan\u00e7a\u2019, un s\u00edmbol d\u2019unitat en la voluntat d&#8217;aconseguir el 70%&#8230;<\/p>","protected":false},"author":6,"featured_media":4831,"comment_status":"closed","ping_status":"open","sticky":false,"template":"","format":"standard","meta":{"footnotes":""},"categories":[36,1],"tags":[],"temporada":[69],"club":[23],"class_list":["post-4826","post","type-post","status-publish","format-standard","has-post-thumbnail","hentry","category-noticies","category-rsc","temporada-2023-2024","club-lleida-esportiu"],"_links":{"self":[{"href":"https:\/\/lleidacf.cat\/es\/wp-json\/wp\/v2\/posts\/4826","targetHints":{"allow":["GET"]}}],"collection":[{"href":"https:\/\/lleidacf.cat\/es\/wp-json\/wp\/v2\/posts"}],"about":[{"href":"https:\/\/lleidacf.cat\/es\/wp-json\/wp\/v2\/types\/post"}],"author":[{"embeddable":true,"href":"https:\/\/lleidacf.cat\/es\/wp-json\/wp\/v2\/users\/6"}],"replies":[{"embeddable":true,"href":"https:\/\/lleidacf.cat\/es\/wp-json\/wp\/v2\/comments?post=4826"}],"version-history":[{"count":0,"href":"https:\/\/lleidacf.cat\/es\/wp-json\/wp\/v2\/posts\/4826\/revisions"}],"wp:featuredmedia":[{"embeddable":true,"href":"https:\/\/lleidacf.cat\/es\/wp-json\/wp\/v2\/media\/4831"}],"wp:attachment":[{"href":"https:\/\/lleidacf.cat\/es\/wp-json\/wp\/v2\/media?parent=4826"}],"wp:term":[{"taxonomy":"category","embeddable":true,"href":"https:\/\/lleidacf.cat\/es\/wp-json\/wp\/v2\/categories?post=4826"},{"taxonomy":"post_tag","embeddable":true,"href":"https:\/\/lleidacf.cat\/es\/wp-json\/wp\/v2\/tags?post=4826"},{"taxonomy":"temporada","embeddable":true,"href":"https:\/\/lleidacf.cat\/es\/wp-json\/wp\/v2\/temporada?post=4826"},{"taxonomy":"club","embeddable":true,"href":"https:\/\/lleidacf.cat\/es\/wp-json\/wp\/v2\/club?post=4826"}],"curies":[{"name":"wp","href":"https:\/\/api.w.org\/{rel}","templated":true}]}}