{"id":4984,"date":"2024-02-27T14:24:39","date_gmt":"2024-02-27T13:24:39","guid":{"rendered":"https:\/\/lleidaesportiu.futbol\/?p=4984"},"modified":"2024-02-27T14:24:39","modified_gmt":"2024-02-27T13:24:39","slug":"paula-pau-i-eloi-guanyadors-del-concurs-dibuix-blau","status":"publish","type":"post","link":"https:\/\/lleidacf.cat\/es\/paula-pau-i-eloi-guanyadors-del-concurs-dibuix-blau\/","title":{"rendered":"Paula, Pau i Eloi; guanyadors del concurs Dibuix Blau"},"content":{"rendered":"<p>El Concurs Dibuix Blau ha premiat a tres petits aficionats del Lleida Esportiu: la Paula Gonz\u00e1lez Mart\u00ednez de 14 anys, el Pau Jordana Porta de 5 anys i l&#8217;Eloi Mart\u00ednez Marquina de 8 anys. <\/p>\n\n\n\n<p>Gr\u00e0cies als treballs que han presentat s&#8217;han endut diferents regals: un abonament familiar i una bufanda i una samarreta i una pilota signades per tots els jugadors. <\/p>\n\n\n\n<p>L&#8217;entrega d&#8217;aquests premis, acompanyats d&#8217;un lot de productes locals gentilesa de Plusfresc, s&#8217;ha fet abans del partit que l&#8217;equip blau ha jugat al Camp d&#8217;Esports contra el CFB Futur, de mans del director general del club, Vicente Javaloyes, i del responsable de Premsa de Plusfresc Supermercats, Joan David Port\u00e9. <\/p>\n\n\n\n<p>Moltes gr\u00e0cies a totes les nenes i nens i a totes les escoles que heu participat amb uns preciosos dibuixos representant al nostre equip i al sentiment blau!!!!\u00a0<\/p>\n\n\n\n<figure class=\"wp-block-image size-large\"><img fetchpriority=\"high\" decoding=\"async\" width=\"1024\" height=\"683\" src=\"https:\/\/lleidacf.cat\/wp-content\/uploads\/2024\/02\/1-2-1024x683.jpg\" alt=\"\" class=\"wp-image-4986\" srcset=\"https:\/\/lleidacf.cat\/wp-content\/uploads\/2024\/02\/1-2-1024x683.jpg 1024w, https:\/\/lleidacf.cat\/wp-content\/uploads\/2024\/02\/1-2-300x200.jpg 300w, https:\/\/lleidacf.cat\/wp-content\/uploads\/2024\/02\/1-2-768x512.jpg 768w, https:\/\/lleidacf.cat\/wp-content\/uploads\/2024\/02\/1-2-18x12.jpg 18w, https:\/\/lleidacf.cat\/wp-content\/uploads\/2024\/02\/1-2.jpg 1200w\" sizes=\"(max-width: 1024px) 100vw, 1024px\" \/><\/figure>\n\n\n\n<figure class=\"wp-block-image size-large\"><img decoding=\"async\" width=\"1024\" height=\"683\" src=\"https:\/\/lleidacf.cat\/wp-content\/uploads\/2024\/02\/2-2-1024x683.jpg\" alt=\"\" class=\"wp-image-4987\" srcset=\"https:\/\/lleidacf.cat\/wp-content\/uploads\/2024\/02\/2-2-1024x683.jpg 1024w, https:\/\/lleidacf.cat\/wp-content\/uploads\/2024\/02\/2-2-300x200.jpg 300w, https:\/\/lleidacf.cat\/wp-content\/uploads\/2024\/02\/2-2-768x512.jpg 768w, https:\/\/lleidacf.cat\/wp-content\/uploads\/2024\/02\/2-2-18x12.jpg 18w, https:\/\/lleidacf.cat\/wp-content\/uploads\/2024\/02\/2-2.jpg 1200w\" sizes=\"(max-width: 1024px) 100vw, 1024px\" \/><\/figure>\n\n\n\n<figure class=\"wp-block-image size-large\"><img decoding=\"async\" width=\"1200\" height=\"800\" src=\"https:\/\/lleidacf.cat\/wp-content\/uploads\/2024\/02\/3-1024x683.jpg\" alt=\"\" class=\"wp-image-4988\" srcset=\"https:\/\/lleidacf.cat\/wp-content\/uploads\/2024\/02\/3-1024x683.jpg 1024w, https:\/\/lleidacf.cat\/wp-content\/uploads\/2024\/02\/3-300x200.jpg 300w, https:\/\/lleidacf.cat\/wp-content\/uploads\/2024\/02\/3-768x512.jpg 768w, https:\/\/lleidacf.cat\/wp-content\/uploads\/2024\/02\/3-18x12.jpg 18w, https:\/\/lleidacf.cat\/wp-content\/uploads\/2024\/02\/3.jpg 1200w\" sizes=\"(max-width: 1200px) 100vw, 1200px\" \/><\/figure>\n\n\n\n<figure class=\"wp-block-image size-large\"><img loading=\"lazy\" decoding=\"async\" width=\"1024\" height=\"683\" src=\"https:\/\/lleidacf.cat\/wp-content\/uploads\/2024\/02\/4-1024x683.jpg\" alt=\"\" class=\"wp-image-4989\" srcset=\"https:\/\/lleidacf.cat\/wp-content\/uploads\/2024\/02\/4-1024x683.jpg 1024w, https:\/\/lleidacf.cat\/wp-content\/uploads\/2024\/02\/4-300x200.jpg 300w, https:\/\/lleidacf.cat\/wp-content\/uploads\/2024\/02\/4-768x512.jpg 768w, https:\/\/lleidacf.cat\/wp-content\/uploads\/2024\/02\/4-18x12.jpg 18w, https:\/\/lleidacf.cat\/wp-content\/uploads\/2024\/02\/4.jpg 1200w\" sizes=\"(max-width: 1024px) 100vw, 1024px\" \/><\/figure>\n\n\n\n<figure class=\"wp-block-image size-large\"><img loading=\"lazy\" decoding=\"async\" width=\"819\" height=\"1024\" src=\"https:\/\/lleidacf.cat\/wp-content\/uploads\/2024\/02\/CARTELL-GUANYADORS-DIBUIX-BLAU-819x1024.jpeg\" alt=\"\" class=\"wp-image-4990\" srcset=\"https:\/\/lleidacf.cat\/wp-content\/uploads\/2024\/02\/CARTELL-GUANYADORS-DIBUIX-BLAU-819x1024.jpeg 819w, https:\/\/lleidacf.cat\/wp-content\/uploads\/2024\/02\/CARTELL-GUANYADORS-DIBUIX-BLAU-240x300.jpeg 240w, https:\/\/lleidacf.cat\/wp-content\/uploads\/2024\/02\/CARTELL-GUANYADORS-DIBUIX-BLAU-768x960.jpeg 768w, https:\/\/lleidacf.cat\/wp-content\/uploads\/2024\/02\/CARTELL-GUANYADORS-DIBUIX-BLAU-10x12.jpeg 10w, https:\/\/lleidacf.cat\/wp-content\/uploads\/2024\/02\/CARTELL-GUANYADORS-DIBUIX-BLAU.jpeg 1080w\" sizes=\"(max-width: 819px) 100vw, 819px\" \/><\/figure>","protected":false},"excerpt":{"rendered":"<p>El Concurs Dibuix Blau ha premiat a tres petits aficionats del Lleida Esportiu: la Paula Gonz\u00e1lez Mart\u00ednez de 14 anys,&#8230;<\/p>","protected":false},"author":6,"featured_media":4985,"comment_status":"closed","ping_status":"open","sticky":false,"template":"","format":"standard","meta":{"footnotes":""},"categories":[36],"tags":[],"temporada":[69],"club":[23],"class_list":["post-4984","post","type-post","status-publish","format-standard","has-post-thumbnail","hentry","category-noticies","temporada-2023-2024","club-lleida-esportiu"],"_links":{"self":[{"href":"https:\/\/lleidacf.cat\/es\/wp-json\/wp\/v2\/posts\/4984","targetHints":{"allow":["GET"]}}],"collection":[{"href":"https:\/\/lleidacf.cat\/es\/wp-json\/wp\/v2\/posts"}],"about":[{"href":"https:\/\/lleidacf.cat\/es\/wp-json\/wp\/v2\/types\/post"}],"author":[{"embeddable":true,"href":"https:\/\/lleidacf.cat\/es\/wp-json\/wp\/v2\/users\/6"}],"replies":[{"embeddable":true,"href":"https:\/\/lleidacf.cat\/es\/wp-json\/wp\/v2\/comments?post=4984"}],"version-history":[{"count":0,"href":"https:\/\/lleidacf.cat\/es\/wp-json\/wp\/v2\/posts\/4984\/revisions"}],"wp:featuredmedia":[{"embeddable":true,"href":"https:\/\/lleidacf.cat\/es\/wp-json\/wp\/v2\/media\/4985"}],"wp:attachment":[{"href":"https:\/\/lleidacf.cat\/es\/wp-json\/wp\/v2\/media?parent=4984"}],"wp:term":[{"taxonomy":"category","embeddable":true,"href":"https:\/\/lleidacf.cat\/es\/wp-json\/wp\/v2\/categories?post=4984"},{"taxonomy":"post_tag","embeddable":true,"href":"https:\/\/lleidacf.cat\/es\/wp-json\/wp\/v2\/tags?post=4984"},{"taxonomy":"temporada","embeddable":true,"href":"https:\/\/lleidacf.cat\/es\/wp-json\/wp\/v2\/temporada?post=4984"},{"taxonomy":"club","embeddable":true,"href":"https:\/\/lleidacf.cat\/es\/wp-json\/wp\/v2\/club?post=4984"}],"curies":[{"name":"wp","href":"https:\/\/api.w.org\/{rel}","templated":true}]}}