{"id":5067,"date":"2024-03-14T12:19:27","date_gmt":"2024-03-14T11:19:27","guid":{"rendered":"https:\/\/lleidaesportiu.futbol\/?p=5067"},"modified":"2024-03-14T12:19:27","modified_gmt":"2024-03-14T11:19:27","slug":"a-refem-tambe-tenen-sentiment-blau","status":"publish","type":"post","link":"https:\/\/lleidacf.cat\/es\/a-refem-tambe-tenen-sentiment-blau\/","title":{"rendered":"A Refem tamb\u00e9 tenen sentiment blau"},"content":{"rendered":"<p>Les dones, nenes i nens de Refem ens ha acompanyat al darrer partit al Camp d\u2019Esports animant als blaus.<\/p>\n\n\n\n<p>L\u2019associaci\u00f3 \u00e9s un Servei d&#8217;Acolliment d&#8217;Urg\u00e8ncia que at\u00e9n dones v\u00edctimes de viol\u00e8ncia masclista juntament amb els seus fills i filles.<\/p>\n\n\n\n<p>Gr\u00e0cies per compartir amb nosaltres el sentiment blau!!!<\/p>\n\n\n\n<figure class=\"wp-block-image size-large\"><img fetchpriority=\"high\" decoding=\"async\" width=\"768\" height=\"1024\" src=\"https:\/\/lleidacf.cat\/wp-content\/uploads\/2024\/03\/REFEM-25-FEBRER-2024-LLEIDA-CFB-FUTUR-768x1024.jpeg\" alt=\"\" class=\"wp-image-5068\" srcset=\"https:\/\/lleidacf.cat\/wp-content\/uploads\/2024\/03\/REFEM-25-FEBRER-2024-LLEIDA-CFB-FUTUR-768x1024.jpeg 768w, https:\/\/lleidacf.cat\/wp-content\/uploads\/2024\/03\/REFEM-25-FEBRER-2024-LLEIDA-CFB-FUTUR-225x300.jpeg 225w, https:\/\/lleidacf.cat\/wp-content\/uploads\/2024\/03\/REFEM-25-FEBRER-2024-LLEIDA-CFB-FUTUR-1152x1536.jpeg 1152w, https:\/\/lleidacf.cat\/wp-content\/uploads\/2024\/03\/REFEM-25-FEBRER-2024-LLEIDA-CFB-FUTUR-9x12.jpeg 9w, https:\/\/lleidacf.cat\/wp-content\/uploads\/2024\/03\/REFEM-25-FEBRER-2024-LLEIDA-CFB-FUTUR.jpeg 1200w\" sizes=\"(max-width: 768px) 100vw, 768px\" \/><\/figure>","protected":false},"excerpt":{"rendered":"<p>Les dones, nenes i nens de Refem ens ha acompanyat al darrer partit al Camp d\u2019Esports animant als blaus. L\u2019associaci\u00f3&#8230;<\/p>","protected":false},"author":6,"featured_media":5069,"comment_status":"closed","ping_status":"open","sticky":false,"template":"","format":"standard","meta":{"footnotes":""},"categories":[36,1],"tags":[],"temporada":[69],"club":[23],"class_list":["post-5067","post","type-post","status-publish","format-standard","has-post-thumbnail","hentry","category-noticies","category-rsc","temporada-2023-2024","club-lleida-esportiu"],"_links":{"self":[{"href":"https:\/\/lleidacf.cat\/es\/wp-json\/wp\/v2\/posts\/5067","targetHints":{"allow":["GET"]}}],"collection":[{"href":"https:\/\/lleidacf.cat\/es\/wp-json\/wp\/v2\/posts"}],"about":[{"href":"https:\/\/lleidacf.cat\/es\/wp-json\/wp\/v2\/types\/post"}],"author":[{"embeddable":true,"href":"https:\/\/lleidacf.cat\/es\/wp-json\/wp\/v2\/users\/6"}],"replies":[{"embeddable":true,"href":"https:\/\/lleidacf.cat\/es\/wp-json\/wp\/v2\/comments?post=5067"}],"version-history":[{"count":0,"href":"https:\/\/lleidacf.cat\/es\/wp-json\/wp\/v2\/posts\/5067\/revisions"}],"wp:featuredmedia":[{"embeddable":true,"href":"https:\/\/lleidacf.cat\/es\/wp-json\/wp\/v2\/media\/5069"}],"wp:attachment":[{"href":"https:\/\/lleidacf.cat\/es\/wp-json\/wp\/v2\/media?parent=5067"}],"wp:term":[{"taxonomy":"category","embeddable":true,"href":"https:\/\/lleidacf.cat\/es\/wp-json\/wp\/v2\/categories?post=5067"},{"taxonomy":"post_tag","embeddable":true,"href":"https:\/\/lleidacf.cat\/es\/wp-json\/wp\/v2\/tags?post=5067"},{"taxonomy":"temporada","embeddable":true,"href":"https:\/\/lleidacf.cat\/es\/wp-json\/wp\/v2\/temporada?post=5067"},{"taxonomy":"club","embeddable":true,"href":"https:\/\/lleidacf.cat\/es\/wp-json\/wp\/v2\/club?post=5067"}],"curies":[{"name":"wp","href":"https:\/\/api.w.org\/{rel}","templated":true}]}}