{"id":5134,"date":"2024-03-26T14:34:40","date_gmt":"2024-03-26T13:34:40","guid":{"rendered":"https:\/\/lleidaesportiu.futbol\/?p=5134"},"modified":"2024-03-26T14:34:40","modified_gmt":"2024-03-26T13:34:40","slug":"ecolider-la-copisteria-de-laficio-blava","status":"publish","type":"post","link":"https:\/\/lleidacf.cat\/es\/ecolider-la-copisteria-de-laficio-blava\/","title":{"rendered":"Ecol\u00edder, la copisteria de l&#8217;afici\u00f3 blava"},"content":{"rendered":"<p>Gr\u00e0cies, ECOL\u00cdDER COPISTERIA per oferir als abonats i abonades blaus un 10% de descompte en les compres al vostre establiment! Els seus productes s\u00f3n al carrer Bar\u00f3 de Maials, 84 de Lleida.<\/p>\n\n\n\n<p>Entre totes i tots continuem fent cada cop m\u00e9s gran la fam\u00edlia blava!!<\/p>","protected":false},"excerpt":{"rendered":"<p>Gr\u00e0cies, ECOL\u00cdDER COPISTERIA per oferir als abonats i abonades blaus un 10% de descompte en les compres al vostre establiment!&#8230;<\/p>","protected":false},"author":6,"featured_media":5136,"comment_status":"closed","ping_status":"open","sticky":false,"template":"","format":"standard","meta":{"footnotes":""},"categories":[36],"tags":[],"temporada":[69],"club":[23],"class_list":["post-5134","post","type-post","status-publish","format-standard","has-post-thumbnail","hentry","category-noticies","temporada-2023-2024","club-lleida-esportiu"],"_links":{"self":[{"href":"https:\/\/lleidacf.cat\/es\/wp-json\/wp\/v2\/posts\/5134","targetHints":{"allow":["GET"]}}],"collection":[{"href":"https:\/\/lleidacf.cat\/es\/wp-json\/wp\/v2\/posts"}],"about":[{"href":"https:\/\/lleidacf.cat\/es\/wp-json\/wp\/v2\/types\/post"}],"author":[{"embeddable":true,"href":"https:\/\/lleidacf.cat\/es\/wp-json\/wp\/v2\/users\/6"}],"replies":[{"embeddable":true,"href":"https:\/\/lleidacf.cat\/es\/wp-json\/wp\/v2\/comments?post=5134"}],"version-history":[{"count":0,"href":"https:\/\/lleidacf.cat\/es\/wp-json\/wp\/v2\/posts\/5134\/revisions"}],"wp:featuredmedia":[{"embeddable":true,"href":"https:\/\/lleidacf.cat\/es\/wp-json\/wp\/v2\/media\/5136"}],"wp:attachment":[{"href":"https:\/\/lleidacf.cat\/es\/wp-json\/wp\/v2\/media?parent=5134"}],"wp:term":[{"taxonomy":"category","embeddable":true,"href":"https:\/\/lleidacf.cat\/es\/wp-json\/wp\/v2\/categories?post=5134"},{"taxonomy":"post_tag","embeddable":true,"href":"https:\/\/lleidacf.cat\/es\/wp-json\/wp\/v2\/tags?post=5134"},{"taxonomy":"temporada","embeddable":true,"href":"https:\/\/lleidacf.cat\/es\/wp-json\/wp\/v2\/temporada?post=5134"},{"taxonomy":"club","embeddable":true,"href":"https:\/\/lleidacf.cat\/es\/wp-json\/wp\/v2\/club?post=5134"}],"curies":[{"name":"wp","href":"https:\/\/api.w.org\/{rel}","templated":true}]}}