{"id":5445,"date":"2024-06-05T14:06:57","date_gmt":"2024-06-05T12:06:57","guid":{"rendered":"https:\/\/lleidaesportiu.futbol\/?p=5445"},"modified":"2024-07-16T11:46:14","modified_gmt":"2024-07-16T09:46:14","slug":"lifting-total-a-la-gespa-del-camp-desports","status":"publish","type":"post","link":"https:\/\/lleidacf.cat\/es\/lifting-total-a-la-gespa-del-camp-desports\/","title":{"rendered":"L\u00edfting total a la gespa del Camp d\u2019Esports"},"content":{"rendered":"<p>Aquest estiu iniciem la renovaci\u00f3 total del verd per adaptar-lo a les necessitats i especificitats de l&#8217; estadi. <\/p>\n\n\n\n<p>Ben aviat es retirar\u00e0 la totalitat de la gespa i les corresponents capes de profunditat per a una substituci\u00f3 global que deixar\u00e0 en condicions immillorables el nostre camp de cara a la temporada vinent. <\/p>\n\n\n\n<p>L\u2019actuaci\u00f3, que t\u00e9 un cost de 40.000 euros, l\u2019assumeix \u00edntegrament el club.<\/p>","protected":false},"excerpt":{"rendered":"<p>Aquest estiu iniciem la renovaci\u00f3 total del verd per adaptar-lo a les necessitats i especificitats de l&#8217; estadi. Ben aviat&#8230;<\/p>","protected":false},"author":6,"featured_media":5446,"comment_status":"closed","ping_status":"open","sticky":false,"template":"","format":"standard","meta":{"footnotes":""},"categories":[36],"tags":[],"temporada":[70],"club":[71],"class_list":["post-5445","post","type-post","status-publish","format-standard","has-post-thumbnail","hentry","category-noticies","temporada-2024-2025","club-lleida-cf"],"_links":{"self":[{"href":"https:\/\/lleidacf.cat\/es\/wp-json\/wp\/v2\/posts\/5445","targetHints":{"allow":["GET"]}}],"collection":[{"href":"https:\/\/lleidacf.cat\/es\/wp-json\/wp\/v2\/posts"}],"about":[{"href":"https:\/\/lleidacf.cat\/es\/wp-json\/wp\/v2\/types\/post"}],"author":[{"embeddable":true,"href":"https:\/\/lleidacf.cat\/es\/wp-json\/wp\/v2\/users\/6"}],"replies":[{"embeddable":true,"href":"https:\/\/lleidacf.cat\/es\/wp-json\/wp\/v2\/comments?post=5445"}],"version-history":[{"count":0,"href":"https:\/\/lleidacf.cat\/es\/wp-json\/wp\/v2\/posts\/5445\/revisions"}],"wp:featuredmedia":[{"embeddable":true,"href":"https:\/\/lleidacf.cat\/es\/wp-json\/wp\/v2\/media\/5446"}],"wp:attachment":[{"href":"https:\/\/lleidacf.cat\/es\/wp-json\/wp\/v2\/media?parent=5445"}],"wp:term":[{"taxonomy":"category","embeddable":true,"href":"https:\/\/lleidacf.cat\/es\/wp-json\/wp\/v2\/categories?post=5445"},{"taxonomy":"post_tag","embeddable":true,"href":"https:\/\/lleidacf.cat\/es\/wp-json\/wp\/v2\/tags?post=5445"},{"taxonomy":"temporada","embeddable":true,"href":"https:\/\/lleidacf.cat\/es\/wp-json\/wp\/v2\/temporada?post=5445"},{"taxonomy":"club","embeddable":true,"href":"https:\/\/lleidacf.cat\/es\/wp-json\/wp\/v2\/club?post=5445"}],"curies":[{"name":"wp","href":"https:\/\/api.w.org\/{rel}","templated":true}]}}