{"id":5455,"date":"2024-06-07T10:26:51","date_gmt":"2024-06-07T08:26:51","guid":{"rendered":"https:\/\/lleidaesportiu.futbol\/?p=5455"},"modified":"2024-07-16T11:45:06","modified_gmt":"2024-07-16T09:45:06","slug":"marc-garcia-puig-nou-entrenador-del-lleida-cf","status":"publish","type":"post","link":"https:\/\/lleidacf.cat\/es\/marc-garcia-puig-nou-entrenador-del-lleida-cf\/","title":{"rendered":"Marc Garcia Puig, nou entrenador del Lleida CF"},"content":{"rendered":"<p>El t\u00e8cnic, de 34 anys, t\u00e9 consolidada experi\u00e8ncia en la Segona RFEF despr\u00e9s de 4 anys formant part del cos t\u00e8cnic del conjunt de la seva localitat natal, la UD Alzira; les dues \u00faltimes temporades com a primer entrenador i les dues anteriors com a segon.&nbsp;<\/p>\n\n\n\n<p>El club blau considera que Marc Garcia comparteix la seva mateixa identitat de joc i que aportar\u00e0 una energia renovada combinada amb un ampli coneixement de la categoria. Valora, a m\u00e9s, que professionalment t\u00e9 moltes ganes de cr\u00e9ixer i d\u2019afrontar un repte com el d\u2019entrenar un equip hist\u00f2ric com \u00e9s el Lleida CF.&nbsp;<\/p>\n\n\n\n<figure class=\"wp-block-image size-large\"><img fetchpriority=\"high\" decoding=\"async\" width=\"819\" height=\"1024\" src=\"https:\/\/lleidacf.cat\/wp-content\/uploads\/2024\/07\/MARC-GARCIA-VERTICAL-819x1024.jpeg\" alt=\"\" class=\"wp-image-5541\" srcset=\"https:\/\/lleidacf.cat\/wp-content\/uploads\/2024\/07\/MARC-GARCIA-VERTICAL-819x1024.jpeg 819w, https:\/\/lleidacf.cat\/wp-content\/uploads\/2024\/07\/MARC-GARCIA-VERTICAL-240x300.jpeg 240w, https:\/\/lleidacf.cat\/wp-content\/uploads\/2024\/07\/MARC-GARCIA-VERTICAL-768x960.jpeg 768w, https:\/\/lleidacf.cat\/wp-content\/uploads\/2024\/07\/MARC-GARCIA-VERTICAL-10x12.jpeg 10w, https:\/\/lleidacf.cat\/wp-content\/uploads\/2024\/07\/MARC-GARCIA-VERTICAL.jpeg 1080w\" sizes=\"(max-width: 819px) 100vw, 819px\" \/><\/figure>","protected":false},"excerpt":{"rendered":"<p>El t\u00e8cnic, de 34 anys, t\u00e9 consolidada experi\u00e8ncia en la Segona RFEF despr\u00e9s de 4 anys formant part del cos&#8230;<\/p>","protected":false},"author":6,"featured_media":5540,"comment_status":"closed","ping_status":"open","sticky":false,"template":"","format":"standard","meta":{"footnotes":""},"categories":[36],"tags":[],"temporada":[70],"club":[71],"class_list":["post-5455","post","type-post","status-publish","format-standard","has-post-thumbnail","hentry","category-noticies","temporada-2024-2025","club-lleida-cf"],"_links":{"self":[{"href":"https:\/\/lleidacf.cat\/es\/wp-json\/wp\/v2\/posts\/5455","targetHints":{"allow":["GET"]}}],"collection":[{"href":"https:\/\/lleidacf.cat\/es\/wp-json\/wp\/v2\/posts"}],"about":[{"href":"https:\/\/lleidacf.cat\/es\/wp-json\/wp\/v2\/types\/post"}],"author":[{"embeddable":true,"href":"https:\/\/lleidacf.cat\/es\/wp-json\/wp\/v2\/users\/6"}],"replies":[{"embeddable":true,"href":"https:\/\/lleidacf.cat\/es\/wp-json\/wp\/v2\/comments?post=5455"}],"version-history":[{"count":0,"href":"https:\/\/lleidacf.cat\/es\/wp-json\/wp\/v2\/posts\/5455\/revisions"}],"wp:featuredmedia":[{"embeddable":true,"href":"https:\/\/lleidacf.cat\/es\/wp-json\/wp\/v2\/media\/5540"}],"wp:attachment":[{"href":"https:\/\/lleidacf.cat\/es\/wp-json\/wp\/v2\/media?parent=5455"}],"wp:term":[{"taxonomy":"category","embeddable":true,"href":"https:\/\/lleidacf.cat\/es\/wp-json\/wp\/v2\/categories?post=5455"},{"taxonomy":"post_tag","embeddable":true,"href":"https:\/\/lleidacf.cat\/es\/wp-json\/wp\/v2\/tags?post=5455"},{"taxonomy":"temporada","embeddable":true,"href":"https:\/\/lleidacf.cat\/es\/wp-json\/wp\/v2\/temporada?post=5455"},{"taxonomy":"club","embeddable":true,"href":"https:\/\/lleidacf.cat\/es\/wp-json\/wp\/v2\/club?post=5455"}],"curies":[{"name":"wp","href":"https:\/\/api.w.org\/{rel}","templated":true}]}}