{"id":5467,"date":"2024-06-11T10:35:24","date_gmt":"2024-06-11T08:35:24","guid":{"rendered":"https:\/\/lleidacf.cat\/?p=5467"},"modified":"2024-07-16T11:44:09","modified_gmt":"2024-07-16T09:44:09","slug":"fran-perez-primer-fitxatge-del-lleida-cf","status":"publish","type":"post","link":"https:\/\/lleidacf.cat\/es\/fran-perez-primer-fitxatge-del-lleida-cf\/","title":{"rendered":"Fran P\u00e9rez, primer fitxatge del Lleida CF"},"content":{"rendered":"<p>El jugador de 26 anys, nascut a Fuenlabrada, \u00e9s un davanter polivalent que arriba al Lleida CF procedent del CD Ursaria. Francisco Jos\u00e9 P\u00e9rez Hern\u00e1ndez tamb\u00e9 ha passat per les files del Don Benito, el Navalcarnero i el Teruel.<\/p>","protected":false},"excerpt":{"rendered":"<p>El jugador de 26 anys, nascut a Fuenlabrada, \u00e9s un davanter polivalent que arriba al Lleida CF procedent del CD&#8230;<\/p>","protected":false},"author":6,"featured_media":5468,"comment_status":"closed","ping_status":"open","sticky":false,"template":"","format":"standard","meta":{"footnotes":""},"categories":[36],"tags":[],"temporada":[70],"club":[71],"class_list":["post-5467","post","type-post","status-publish","format-standard","has-post-thumbnail","hentry","category-noticies","temporada-2024-2025","club-lleida-cf"],"_links":{"self":[{"href":"https:\/\/lleidacf.cat\/es\/wp-json\/wp\/v2\/posts\/5467","targetHints":{"allow":["GET"]}}],"collection":[{"href":"https:\/\/lleidacf.cat\/es\/wp-json\/wp\/v2\/posts"}],"about":[{"href":"https:\/\/lleidacf.cat\/es\/wp-json\/wp\/v2\/types\/post"}],"author":[{"embeddable":true,"href":"https:\/\/lleidacf.cat\/es\/wp-json\/wp\/v2\/users\/6"}],"replies":[{"embeddable":true,"href":"https:\/\/lleidacf.cat\/es\/wp-json\/wp\/v2\/comments?post=5467"}],"version-history":[{"count":0,"href":"https:\/\/lleidacf.cat\/es\/wp-json\/wp\/v2\/posts\/5467\/revisions"}],"wp:featuredmedia":[{"embeddable":true,"href":"https:\/\/lleidacf.cat\/es\/wp-json\/wp\/v2\/media\/5468"}],"wp:attachment":[{"href":"https:\/\/lleidacf.cat\/es\/wp-json\/wp\/v2\/media?parent=5467"}],"wp:term":[{"taxonomy":"category","embeddable":true,"href":"https:\/\/lleidacf.cat\/es\/wp-json\/wp\/v2\/categories?post=5467"},{"taxonomy":"post_tag","embeddable":true,"href":"https:\/\/lleidacf.cat\/es\/wp-json\/wp\/v2\/tags?post=5467"},{"taxonomy":"temporada","embeddable":true,"href":"https:\/\/lleidacf.cat\/es\/wp-json\/wp\/v2\/temporada?post=5467"},{"taxonomy":"club","embeddable":true,"href":"https:\/\/lleidacf.cat\/es\/wp-json\/wp\/v2\/club?post=5467"}],"curies":[{"name":"wp","href":"https:\/\/api.w.org\/{rel}","templated":true}]}}