{"id":5479,"date":"2024-06-12T11:30:04","date_gmt":"2024-06-12T09:30:04","guid":{"rendered":"https:\/\/lleidacf.cat\/?p=5479"},"modified":"2024-07-16T11:42:34","modified_gmt":"2024-07-16T09:42:34","slug":"neyder-lozano-primera-renovacio","status":"publish","type":"post","link":"https:\/\/lleidacf.cat\/es\/neyder-lozano-primera-renovacio\/","title":{"rendered":"Neyder Lozano, primera renovaci\u00f3"},"content":{"rendered":"<p>El colombi\u00e0 vestir\u00e0 una temporada m\u00e9s de blau a l\u2019haver renovat per la temporada 2024-2025 amb el Lleida CF. Neyder Yessy Lozano Renteria ha acceptat l\u2019oferta que el club li va fer rere la lesi\u00f3 de trencament del lligament creuat i el menisc extern que el jugador va patir el passat mes d\u2019abril al Camp d\u2019Esports.<\/p>","protected":false},"excerpt":{"rendered":"<p>El colombi\u00e0 vestir\u00e0 una temporada m\u00e9s de blau a l\u2019haver renovat per la temporada 2024-2025 amb el Lleida CF. Neyder&#8230;<\/p>","protected":false},"author":6,"featured_media":5480,"comment_status":"closed","ping_status":"open","sticky":false,"template":"","format":"standard","meta":{"footnotes":""},"categories":[36],"tags":[],"temporada":[70],"club":[71],"class_list":["post-5479","post","type-post","status-publish","format-standard","has-post-thumbnail","hentry","category-noticies","temporada-2024-2025","club-lleida-cf"],"_links":{"self":[{"href":"https:\/\/lleidacf.cat\/es\/wp-json\/wp\/v2\/posts\/5479","targetHints":{"allow":["GET"]}}],"collection":[{"href":"https:\/\/lleidacf.cat\/es\/wp-json\/wp\/v2\/posts"}],"about":[{"href":"https:\/\/lleidacf.cat\/es\/wp-json\/wp\/v2\/types\/post"}],"author":[{"embeddable":true,"href":"https:\/\/lleidacf.cat\/es\/wp-json\/wp\/v2\/users\/6"}],"replies":[{"embeddable":true,"href":"https:\/\/lleidacf.cat\/es\/wp-json\/wp\/v2\/comments?post=5479"}],"version-history":[{"count":0,"href":"https:\/\/lleidacf.cat\/es\/wp-json\/wp\/v2\/posts\/5479\/revisions"}],"wp:featuredmedia":[{"embeddable":true,"href":"https:\/\/lleidacf.cat\/es\/wp-json\/wp\/v2\/media\/5480"}],"wp:attachment":[{"href":"https:\/\/lleidacf.cat\/es\/wp-json\/wp\/v2\/media?parent=5479"}],"wp:term":[{"taxonomy":"category","embeddable":true,"href":"https:\/\/lleidacf.cat\/es\/wp-json\/wp\/v2\/categories?post=5479"},{"taxonomy":"post_tag","embeddable":true,"href":"https:\/\/lleidacf.cat\/es\/wp-json\/wp\/v2\/tags?post=5479"},{"taxonomy":"temporada","embeddable":true,"href":"https:\/\/lleidacf.cat\/es\/wp-json\/wp\/v2\/temporada?post=5479"},{"taxonomy":"club","embeddable":true,"href":"https:\/\/lleidacf.cat\/es\/wp-json\/wp\/v2\/club?post=5479"}],"curies":[{"name":"wp","href":"https:\/\/api.w.org\/{rel}","templated":true}]}}