{"id":5483,"date":"2024-06-12T11:53:29","date_gmt":"2024-06-12T09:53:29","guid":{"rendered":"https:\/\/lleidacf.cat\/?p=5483"},"modified":"2024-07-16T11:41:31","modified_gmt":"2024-07-16T09:41:31","slug":"oscar-rubio-tambe-renova","status":"publish","type":"post","link":"https:\/\/lleidacf.cat\/es\/oscar-rubio-tambe-renova\/","title":{"rendered":"\u00d3scar Rubio tamb\u00e9 renova"},"content":{"rendered":"<p>Rubio continuar\u00e0 una temporada m\u00e9s amb el Lleida CF. El jugador lleidat\u00e0, de 40 anys, va debutar al Camp d\u2019Esports quan en tenia 20. Al llarg de tres temporades diferents, ha acumulat prop de 20.000 minuts suant la samarreta blava a l\u2019haver jugat 334 partits amb l\u2019equip de Ponent.<\/p>","protected":false},"excerpt":{"rendered":"<p>Rubio continuar\u00e0 una temporada m\u00e9s amb el Lleida CF. El jugador lleidat\u00e0, de 40 anys, va debutar al Camp d\u2019Esports&#8230;<\/p>","protected":false},"author":6,"featured_media":5484,"comment_status":"closed","ping_status":"open","sticky":false,"template":"","format":"standard","meta":{"footnotes":""},"categories":[36],"tags":[],"temporada":[70],"club":[71],"class_list":["post-5483","post","type-post","status-publish","format-standard","has-post-thumbnail","hentry","category-noticies","temporada-2024-2025","club-lleida-cf"],"_links":{"self":[{"href":"https:\/\/lleidacf.cat\/es\/wp-json\/wp\/v2\/posts\/5483","targetHints":{"allow":["GET"]}}],"collection":[{"href":"https:\/\/lleidacf.cat\/es\/wp-json\/wp\/v2\/posts"}],"about":[{"href":"https:\/\/lleidacf.cat\/es\/wp-json\/wp\/v2\/types\/post"}],"author":[{"embeddable":true,"href":"https:\/\/lleidacf.cat\/es\/wp-json\/wp\/v2\/users\/6"}],"replies":[{"embeddable":true,"href":"https:\/\/lleidacf.cat\/es\/wp-json\/wp\/v2\/comments?post=5483"}],"version-history":[{"count":0,"href":"https:\/\/lleidacf.cat\/es\/wp-json\/wp\/v2\/posts\/5483\/revisions"}],"wp:featuredmedia":[{"embeddable":true,"href":"https:\/\/lleidacf.cat\/es\/wp-json\/wp\/v2\/media\/5484"}],"wp:attachment":[{"href":"https:\/\/lleidacf.cat\/es\/wp-json\/wp\/v2\/media?parent=5483"}],"wp:term":[{"taxonomy":"category","embeddable":true,"href":"https:\/\/lleidacf.cat\/es\/wp-json\/wp\/v2\/categories?post=5483"},{"taxonomy":"post_tag","embeddable":true,"href":"https:\/\/lleidacf.cat\/es\/wp-json\/wp\/v2\/tags?post=5483"},{"taxonomy":"temporada","embeddable":true,"href":"https:\/\/lleidacf.cat\/es\/wp-json\/wp\/v2\/temporada?post=5483"},{"taxonomy":"club","embeddable":true,"href":"https:\/\/lleidacf.cat\/es\/wp-json\/wp\/v2\/club?post=5483"}],"curies":[{"name":"wp","href":"https:\/\/api.w.org\/{rel}","templated":true}]}}