{"id":5490,"date":"2024-06-13T12:27:39","date_gmt":"2024-06-13T10:27:39","guid":{"rendered":"https:\/\/lleidacf.cat\/?p=5490"},"modified":"2024-07-16T11:40:29","modified_gmt":"2024-07-16T09:40:29","slug":"inaki-alvarez-tercera-temporada-amb-el-lleida","status":"publish","type":"post","link":"https:\/\/lleidacf.cat\/es\/inaki-alvarez-tercera-temporada-amb-el-lleida\/","title":{"rendered":"I\u00f1aki \u00c1lvarez, tercera temporada amb el Lleida"},"content":{"rendered":"<p>El Lleida CF mant\u00e9 la continu\u00eftat del navarr\u00e8s de 26 anys que tornar\u00e0 a posar-se sota els pals de la porteria blava per tercera temporada consecutiva. I\u00f1aki \u00c1lvarez Go\u00f1i ha signat per renovar un curs m\u00e9s amb el Primer Equip, fins al 2025.<\/p>","protected":false},"excerpt":{"rendered":"<p>El Lleida CF mant\u00e9 la continu\u00eftat del navarr\u00e8s de 26 anys que tornar\u00e0 a posar-se sota els pals de la&#8230;<\/p>","protected":false},"author":6,"featured_media":5491,"comment_status":"closed","ping_status":"open","sticky":false,"template":"","format":"standard","meta":{"footnotes":""},"categories":[36],"tags":[],"temporada":[70],"club":[71],"class_list":["post-5490","post","type-post","status-publish","format-standard","has-post-thumbnail","hentry","category-noticies","temporada-2024-2025","club-lleida-cf"],"_links":{"self":[{"href":"https:\/\/lleidacf.cat\/es\/wp-json\/wp\/v2\/posts\/5490","targetHints":{"allow":["GET"]}}],"collection":[{"href":"https:\/\/lleidacf.cat\/es\/wp-json\/wp\/v2\/posts"}],"about":[{"href":"https:\/\/lleidacf.cat\/es\/wp-json\/wp\/v2\/types\/post"}],"author":[{"embeddable":true,"href":"https:\/\/lleidacf.cat\/es\/wp-json\/wp\/v2\/users\/6"}],"replies":[{"embeddable":true,"href":"https:\/\/lleidacf.cat\/es\/wp-json\/wp\/v2\/comments?post=5490"}],"version-history":[{"count":0,"href":"https:\/\/lleidacf.cat\/es\/wp-json\/wp\/v2\/posts\/5490\/revisions"}],"wp:featuredmedia":[{"embeddable":true,"href":"https:\/\/lleidacf.cat\/es\/wp-json\/wp\/v2\/media\/5491"}],"wp:attachment":[{"href":"https:\/\/lleidacf.cat\/es\/wp-json\/wp\/v2\/media?parent=5490"}],"wp:term":[{"taxonomy":"category","embeddable":true,"href":"https:\/\/lleidacf.cat\/es\/wp-json\/wp\/v2\/categories?post=5490"},{"taxonomy":"post_tag","embeddable":true,"href":"https:\/\/lleidacf.cat\/es\/wp-json\/wp\/v2\/tags?post=5490"},{"taxonomy":"temporada","embeddable":true,"href":"https:\/\/lleidacf.cat\/es\/wp-json\/wp\/v2\/temporada?post=5490"},{"taxonomy":"club","embeddable":true,"href":"https:\/\/lleidacf.cat\/es\/wp-json\/wp\/v2\/club?post=5490"}],"curies":[{"name":"wp","href":"https:\/\/api.w.org\/{rel}","templated":true}]}}