{"id":5493,"date":"2024-06-14T12:37:43","date_gmt":"2024-06-14T10:37:43","guid":{"rendered":"https:\/\/lleidacf.cat\/?p=5493"},"modified":"2024-07-16T11:40:00","modified_gmt":"2024-07-16T09:40:00","slug":"marc-fuentes-nou-fitxatge-blau","status":"publish","type":"post","link":"https:\/\/lleidacf.cat\/es\/marc-fuentes-nou-fitxatge-blau\/","title":{"rendered":"Marc Fuentes, nou fitxatge blau"},"content":{"rendered":"<p>El Lleida CF comptar\u00e0 amb el central de Badalona, de 22 anys, Marc Fuentes Sol\u00e9. El futbolista ha jugat aquesta \u00faltima temporada al Penya Deportiva de Segona RFEF a on va fer el salt despr\u00e9s de passar la temporada 2021-2022 al Granollers i fitxar m\u00e9s tard pel filial del Girona.<\/p>","protected":false},"excerpt":{"rendered":"<p>El Lleida CF comptar\u00e0 amb el central de Badalona, de 22 anys, Marc Fuentes Sol\u00e9. El futbolista ha jugat aquesta&#8230;<\/p>","protected":false},"author":6,"featured_media":5494,"comment_status":"closed","ping_status":"open","sticky":false,"template":"","format":"standard","meta":{"footnotes":""},"categories":[36],"tags":[],"temporada":[70],"club":[71],"class_list":["post-5493","post","type-post","status-publish","format-standard","has-post-thumbnail","hentry","category-noticies","temporada-2024-2025","club-lleida-cf"],"_links":{"self":[{"href":"https:\/\/lleidacf.cat\/es\/wp-json\/wp\/v2\/posts\/5493","targetHints":{"allow":["GET"]}}],"collection":[{"href":"https:\/\/lleidacf.cat\/es\/wp-json\/wp\/v2\/posts"}],"about":[{"href":"https:\/\/lleidacf.cat\/es\/wp-json\/wp\/v2\/types\/post"}],"author":[{"embeddable":true,"href":"https:\/\/lleidacf.cat\/es\/wp-json\/wp\/v2\/users\/6"}],"replies":[{"embeddable":true,"href":"https:\/\/lleidacf.cat\/es\/wp-json\/wp\/v2\/comments?post=5493"}],"version-history":[{"count":0,"href":"https:\/\/lleidacf.cat\/es\/wp-json\/wp\/v2\/posts\/5493\/revisions"}],"wp:featuredmedia":[{"embeddable":true,"href":"https:\/\/lleidacf.cat\/es\/wp-json\/wp\/v2\/media\/5494"}],"wp:attachment":[{"href":"https:\/\/lleidacf.cat\/es\/wp-json\/wp\/v2\/media?parent=5493"}],"wp:term":[{"taxonomy":"category","embeddable":true,"href":"https:\/\/lleidacf.cat\/es\/wp-json\/wp\/v2\/categories?post=5493"},{"taxonomy":"post_tag","embeddable":true,"href":"https:\/\/lleidacf.cat\/es\/wp-json\/wp\/v2\/tags?post=5493"},{"taxonomy":"temporada","embeddable":true,"href":"https:\/\/lleidacf.cat\/es\/wp-json\/wp\/v2\/temporada?post=5493"},{"taxonomy":"club","embeddable":true,"href":"https:\/\/lleidacf.cat\/es\/wp-json\/wp\/v2\/club?post=5493"}],"curies":[{"name":"wp","href":"https:\/\/api.w.org\/{rel}","templated":true}]}}