{"id":5508,"date":"2024-06-25T13:47:29","date_gmt":"2024-06-25T11:47:29","guid":{"rendered":"https:\/\/lleidacf.cat\/?p=5508"},"modified":"2024-07-16T11:36:19","modified_gmt":"2024-07-16T09:36:19","slug":"adri-lledo-sera-blau","status":"publish","type":"post","link":"https:\/\/lleidacf.cat\/es\/adri-lledo-sera-blau\/","title":{"rendered":"Adri Lled\u00f3 ser\u00e0 blau"},"content":{"rendered":"<p>El centrecampista Adri Lled\u00f3 \u00e9s un altre dels nous fitxatges per la campanya 2024-2025 del Lleida CF. Nascut fa 27 anys a Barcelona, a Sant Fost de Campsentelles, ha jugat les \u00faltimes quatre temporades al Terrassa. El jugador arriba al club blau despr\u00e9s de sortir del conjunt egarenc.<\/p>","protected":false},"excerpt":{"rendered":"<p>El centrecampista Adri Lled\u00f3 \u00e9s un altre dels nous fitxatges per la campanya 2024-2025 del Lleida CF. Nascut fa 27&#8230;<\/p>","protected":false},"author":6,"featured_media":5509,"comment_status":"closed","ping_status":"open","sticky":false,"template":"","format":"standard","meta":{"footnotes":""},"categories":[36],"tags":[],"temporada":[70],"club":[71],"class_list":["post-5508","post","type-post","status-publish","format-standard","has-post-thumbnail","hentry","category-noticies","temporada-2024-2025","club-lleida-cf"],"_links":{"self":[{"href":"https:\/\/lleidacf.cat\/es\/wp-json\/wp\/v2\/posts\/5508","targetHints":{"allow":["GET"]}}],"collection":[{"href":"https:\/\/lleidacf.cat\/es\/wp-json\/wp\/v2\/posts"}],"about":[{"href":"https:\/\/lleidacf.cat\/es\/wp-json\/wp\/v2\/types\/post"}],"author":[{"embeddable":true,"href":"https:\/\/lleidacf.cat\/es\/wp-json\/wp\/v2\/users\/6"}],"replies":[{"embeddable":true,"href":"https:\/\/lleidacf.cat\/es\/wp-json\/wp\/v2\/comments?post=5508"}],"version-history":[{"count":0,"href":"https:\/\/lleidacf.cat\/es\/wp-json\/wp\/v2\/posts\/5508\/revisions"}],"wp:featuredmedia":[{"embeddable":true,"href":"https:\/\/lleidacf.cat\/es\/wp-json\/wp\/v2\/media\/5509"}],"wp:attachment":[{"href":"https:\/\/lleidacf.cat\/es\/wp-json\/wp\/v2\/media?parent=5508"}],"wp:term":[{"taxonomy":"category","embeddable":true,"href":"https:\/\/lleidacf.cat\/es\/wp-json\/wp\/v2\/categories?post=5508"},{"taxonomy":"post_tag","embeddable":true,"href":"https:\/\/lleidacf.cat\/es\/wp-json\/wp\/v2\/tags?post=5508"},{"taxonomy":"temporada","embeddable":true,"href":"https:\/\/lleidacf.cat\/es\/wp-json\/wp\/v2\/temporada?post=5508"},{"taxonomy":"club","embeddable":true,"href":"https:\/\/lleidacf.cat\/es\/wp-json\/wp\/v2\/club?post=5508"}],"curies":[{"name":"wp","href":"https:\/\/api.w.org\/{rel}","templated":true}]}}