{"id":5529,"date":"2024-07-03T10:11:38","date_gmt":"2024-07-03T08:11:38","guid":{"rendered":"https:\/\/lleidacf.cat\/?p=5529"},"modified":"2024-07-16T11:34:13","modified_gmt":"2024-07-16T09:34:13","slug":"el-lleida-cf-militara-un-any-mes-al-grup-3-de-la-2a-rfef","status":"publish","type":"post","link":"https:\/\/lleidacf.cat\/es\/el-lleida-cf-militara-un-any-mes-al-grup-3-de-la-2a-rfef\/","title":{"rendered":"El Lleida CF militar\u00e0 un any m\u00e9s al grup 3 de la 2a RFEF"},"content":{"rendered":"<p>L\u2019equip blau seguir\u00e0 formant part del grup 3, novament amb els catalans, balears i valencians, en la distribuci\u00f3 dels grups de Segona RFEF de la Real Federaci\u00f3n Espa\u00f1ola de F\u00fatbol. <\/p>\n\n\n\n<p>Els rivals del Lleida CF durant la temporada 2024-2025 seran el CE Sabadell, la UE Cornell\u00e0, la UE Sant Andreu, el CE Europa, la UE Olot, el Terrassa FC, l\u2019Espanyol B, el Badalona Futur, l\u2019Atl\u00e8tic Balears, l\u2019Andratx, el Mallorca B, la Penya Esportiva Santa Eul\u00e0ria, l\u2019Eivissa, el Torrent CF, la UD Alzira, el Val\u00e8ncia B i l\u2019Elx B. <\/p>\n\n\n\n<p>La gran majoria de partits es disputaran en camps de gespa natural, un total de 26, mentre que 8 seran en una superf\u00edcie de verd artificial.<\/p>\n\n\n\n<p>La Lliga comen\u00e7ar\u00e0 el cap de setmana del 31 d\u2019agost-1 de setembre de 2024 i s\u2019allargar\u00e0 fins al diumenge 4 de maig de 2025 i entre l&#8217;11 de maig i l\u20191 de juny tindr\u00e0 lloc el playoff d\u2019ascens.<\/p>\n\n\n\n<figure class=\"wp-block-image size-large\"><img fetchpriority=\"high\" decoding=\"async\" width=\"819\" height=\"1024\" src=\"https:\/\/lleidacf.cat\/wp-content\/uploads\/2024\/07\/RIVALS-GRUP-3-DE-LA-2A-RFEF-2024-2025-819x1024.png\" alt=\"\" class=\"wp-image-5530\" srcset=\"https:\/\/lleidacf.cat\/wp-content\/uploads\/2024\/07\/RIVALS-GRUP-3-DE-LA-2A-RFEF-2024-2025-819x1024.png 819w, https:\/\/lleidacf.cat\/wp-content\/uploads\/2024\/07\/RIVALS-GRUP-3-DE-LA-2A-RFEF-2024-2025-240x300.png 240w, https:\/\/lleidacf.cat\/wp-content\/uploads\/2024\/07\/RIVALS-GRUP-3-DE-LA-2A-RFEF-2024-2025-768x960.png 768w, https:\/\/lleidacf.cat\/wp-content\/uploads\/2024\/07\/RIVALS-GRUP-3-DE-LA-2A-RFEF-2024-2025-10x12.png 10w, https:\/\/lleidacf.cat\/wp-content\/uploads\/2024\/07\/RIVALS-GRUP-3-DE-LA-2A-RFEF-2024-2025.png 1080w\" sizes=\"(max-width: 819px) 100vw, 819px\" \/><\/figure>","protected":false},"excerpt":{"rendered":"<p>L\u2019equip blau seguir\u00e0 formant part del grup 3, novament amb els catalans, balears i valencians, en la distribuci\u00f3 dels grups&#8230;<\/p>","protected":false},"author":6,"featured_media":5531,"comment_status":"closed","ping_status":"open","sticky":false,"template":"","format":"standard","meta":{"footnotes":""},"categories":[36],"tags":[],"temporada":[70],"club":[71],"class_list":["post-5529","post","type-post","status-publish","format-standard","has-post-thumbnail","hentry","category-noticies","temporada-2024-2025","club-lleida-cf"],"_links":{"self":[{"href":"https:\/\/lleidacf.cat\/es\/wp-json\/wp\/v2\/posts\/5529","targetHints":{"allow":["GET"]}}],"collection":[{"href":"https:\/\/lleidacf.cat\/es\/wp-json\/wp\/v2\/posts"}],"about":[{"href":"https:\/\/lleidacf.cat\/es\/wp-json\/wp\/v2\/types\/post"}],"author":[{"embeddable":true,"href":"https:\/\/lleidacf.cat\/es\/wp-json\/wp\/v2\/users\/6"}],"replies":[{"embeddable":true,"href":"https:\/\/lleidacf.cat\/es\/wp-json\/wp\/v2\/comments?post=5529"}],"version-history":[{"count":0,"href":"https:\/\/lleidacf.cat\/es\/wp-json\/wp\/v2\/posts\/5529\/revisions"}],"wp:featuredmedia":[{"embeddable":true,"href":"https:\/\/lleidacf.cat\/es\/wp-json\/wp\/v2\/media\/5531"}],"wp:attachment":[{"href":"https:\/\/lleidacf.cat\/es\/wp-json\/wp\/v2\/media?parent=5529"}],"wp:term":[{"taxonomy":"category","embeddable":true,"href":"https:\/\/lleidacf.cat\/es\/wp-json\/wp\/v2\/categories?post=5529"},{"taxonomy":"post_tag","embeddable":true,"href":"https:\/\/lleidacf.cat\/es\/wp-json\/wp\/v2\/tags?post=5529"},{"taxonomy":"temporada","embeddable":true,"href":"https:\/\/lleidacf.cat\/es\/wp-json\/wp\/v2\/temporada?post=5529"},{"taxonomy":"club","embeddable":true,"href":"https:\/\/lleidacf.cat\/es\/wp-json\/wp\/v2\/club?post=5529"}],"curies":[{"name":"wp","href":"https:\/\/api.w.org\/{rel}","templated":true}]}}