{"id":5574,"date":"2024-07-12T12:03:41","date_gmt":"2024-07-12T10:03:41","guid":{"rendered":"https:\/\/lleidacf.cat\/?p=5574"},"modified":"2024-07-16T11:31:24","modified_gmt":"2024-07-16T09:31:24","slug":"assolim-la-xifra-de-1-500","status":"publish","type":"post","link":"https:\/\/lleidacf.cat\/es\/assolim-la-xifra-de-1-500\/","title":{"rendered":"Assolim la xifra de 1.500!!!"},"content":{"rendered":"<p>La cada dia m\u00e9s gran fam\u00edlia blava no para de cr\u00e9ixer.<\/p>\n\n\n\n<p>Aquest divendres hem assolit la xifra de 1.500 abonats i abonades que ja han renovat o fet l&#8217;alta del seu carnet.<\/p>\n\n\n\n<p>Un abonament que els permetr\u00e0 gaudir de tots els 17 partits de Lliga que \u00e9s el Lleida CF jugar\u00e0 contra els seus rivals del Grup 3 de la 2a RFEF.<\/p>\n\n\n\n<p>Per abonar-se al club cal venir a les oficines o b\u00e9 fer-ho a trav\u00e9s del web <a target=\"_blank\" rel=\"noreferrer noopener\" href=\"https:\/\/lleidacf.cat\/es\/\">lleidacf.cat<\/a>.<\/p>\n\n\n\n<p>Gr\u00e0cies per seguir sumant-vos al projecte del Lleida CF!<\/p>\n\n\n\n<p>M\u00e9s forts. M\u00e9s Lleida.<\/p>\n\n\n\n<p><\/p>\n\n\n\n<figure class=\"wp-block-image size-large\"><img fetchpriority=\"high\" decoding=\"async\" width=\"819\" height=\"1024\" src=\"https:\/\/lleidacf.cat\/wp-content\/uploads\/2024\/07\/1.500-VERTICAL-1-819x1024.jpeg\" alt=\"\" class=\"wp-image-5577\" srcset=\"https:\/\/lleidacf.cat\/wp-content\/uploads\/2024\/07\/1.500-VERTICAL-1-819x1024.jpeg 819w, https:\/\/lleidacf.cat\/wp-content\/uploads\/2024\/07\/1.500-VERTICAL-1-240x300.jpeg 240w, https:\/\/lleidacf.cat\/wp-content\/uploads\/2024\/07\/1.500-VERTICAL-1-768x960.jpeg 768w, https:\/\/lleidacf.cat\/wp-content\/uploads\/2024\/07\/1.500-VERTICAL-1-10x12.jpeg 10w, https:\/\/lleidacf.cat\/wp-content\/uploads\/2024\/07\/1.500-VERTICAL-1.jpeg 1080w\" sizes=\"(max-width: 819px) 100vw, 819px\" \/><\/figure>","protected":false},"excerpt":{"rendered":"<p>La cada dia m\u00e9s gran fam\u00edlia blava no para de cr\u00e9ixer. Aquest divendres hem assolit la xifra de 1.500 abonats&#8230;<\/p>","protected":false},"author":6,"featured_media":5575,"comment_status":"closed","ping_status":"open","sticky":false,"template":"","format":"standard","meta":{"footnotes":""},"categories":[36],"tags":[],"temporada":[70],"club":[71],"class_list":["post-5574","post","type-post","status-publish","format-standard","has-post-thumbnail","hentry","category-noticies","temporada-2024-2025","club-lleida-cf"],"_links":{"self":[{"href":"https:\/\/lleidacf.cat\/es\/wp-json\/wp\/v2\/posts\/5574","targetHints":{"allow":["GET"]}}],"collection":[{"href":"https:\/\/lleidacf.cat\/es\/wp-json\/wp\/v2\/posts"}],"about":[{"href":"https:\/\/lleidacf.cat\/es\/wp-json\/wp\/v2\/types\/post"}],"author":[{"embeddable":true,"href":"https:\/\/lleidacf.cat\/es\/wp-json\/wp\/v2\/users\/6"}],"replies":[{"embeddable":true,"href":"https:\/\/lleidacf.cat\/es\/wp-json\/wp\/v2\/comments?post=5574"}],"version-history":[{"count":0,"href":"https:\/\/lleidacf.cat\/es\/wp-json\/wp\/v2\/posts\/5574\/revisions"}],"wp:featuredmedia":[{"embeddable":true,"href":"https:\/\/lleidacf.cat\/es\/wp-json\/wp\/v2\/media\/5575"}],"wp:attachment":[{"href":"https:\/\/lleidacf.cat\/es\/wp-json\/wp\/v2\/media?parent=5574"}],"wp:term":[{"taxonomy":"category","embeddable":true,"href":"https:\/\/lleidacf.cat\/es\/wp-json\/wp\/v2\/categories?post=5574"},{"taxonomy":"post_tag","embeddable":true,"href":"https:\/\/lleidacf.cat\/es\/wp-json\/wp\/v2\/tags?post=5574"},{"taxonomy":"temporada","embeddable":true,"href":"https:\/\/lleidacf.cat\/es\/wp-json\/wp\/v2\/temporada?post=5574"},{"taxonomy":"club","embeddable":true,"href":"https:\/\/lleidacf.cat\/es\/wp-json\/wp\/v2\/club?post=5574"}],"curies":[{"name":"wp","href":"https:\/\/api.w.org\/{rel}","templated":true}]}}