{"id":5580,"date":"2024-07-15T13:47:33","date_gmt":"2024-07-15T11:47:33","guid":{"rendered":"https:\/\/lleidacf.cat\/?p=5580"},"modified":"2024-07-17T11:59:12","modified_gmt":"2024-07-17T09:59:12","slug":"gespa-nova-pel-camp-desports","status":"publish","type":"post","link":"https:\/\/lleidacf.cat\/es\/gespa-nova-pel-camp-desports\/","title":{"rendered":"Gespa nova pel Camp d&#8217;Esports"},"content":{"rendered":"<p>La renovaci\u00f3 de la gespa del Camp d\u2019Esports ja est\u00e0, finalment, en marxa. <\/p>\n\n\n\n<p>Royalverd ha comen\u00e7at els treballs que impossibilitaran poder jugar durant tot l&#8217;estiu al terreny de joc fins que l\u2019herba estigui arrelada per a l\u2019inici de Lliga.<\/p>\n\n\n\n<p>El nou verd, d\u2019alta tecnologia, ser\u00e0 m\u00e9s resistent a les circumst\u00e0ncies climatol\u00f2giques que es produeixen durant la temporada i comportar\u00e0 un important&nbsp; estalvi d\u2019aigua pel que fa al reg.<\/p>\n\n\n\n<p>L\u2019actuaci\u00f3 t\u00e9 un cost de 40.000 euros \u00edntegrament assumits pel club, el Lleida CF.<\/p>\n\n\n\n<figure class=\"wp-block-image size-large\"><img fetchpriority=\"high\" decoding=\"async\" width=\"1024\" height=\"695\" src=\"https:\/\/lleidacf.cat\/wp-content\/uploads\/2024\/07\/GESPA-1-1024x695.jpeg\" alt=\"\" class=\"wp-image-5582\" srcset=\"https:\/\/lleidacf.cat\/wp-content\/uploads\/2024\/07\/GESPA-1-1024x695.jpeg 1024w, https:\/\/lleidacf.cat\/wp-content\/uploads\/2024\/07\/GESPA-1-300x204.jpeg 300w, https:\/\/lleidacf.cat\/wp-content\/uploads\/2024\/07\/GESPA-1-768x521.jpeg 768w, https:\/\/lleidacf.cat\/wp-content\/uploads\/2024\/07\/GESPA-1-1536x1043.jpeg 1536w, https:\/\/lleidacf.cat\/wp-content\/uploads\/2024\/07\/GESPA-1-2048x1390.jpeg 2048w, https:\/\/lleidacf.cat\/wp-content\/uploads\/2024\/07\/GESPA-1-18x12.jpeg 18w\" sizes=\"(max-width: 1024px) 100vw, 1024px\" \/><\/figure>\n\n\n\n<figure class=\"wp-block-image size-large\"><img decoding=\"async\" width=\"680\" height=\"1024\" src=\"https:\/\/lleidacf.cat\/wp-content\/uploads\/2024\/07\/GESPA-3-680x1024.jpeg\" alt=\"\" class=\"wp-image-5583\" srcset=\"https:\/\/lleidacf.cat\/wp-content\/uploads\/2024\/07\/GESPA-3-680x1024.jpeg 680w, https:\/\/lleidacf.cat\/wp-content\/uploads\/2024\/07\/GESPA-3-199x300.jpeg 199w, https:\/\/lleidacf.cat\/wp-content\/uploads\/2024\/07\/GESPA-3-768x1156.jpeg 768w, https:\/\/lleidacf.cat\/wp-content\/uploads\/2024\/07\/GESPA-3-1020x1536.jpeg 1020w, https:\/\/lleidacf.cat\/wp-content\/uploads\/2024\/07\/GESPA-3-8x12.jpeg 8w, https:\/\/lleidacf.cat\/wp-content\/uploads\/2024\/07\/GESPA-3.jpeg 1063w\" sizes=\"(max-width: 680px) 100vw, 680px\" \/><\/figure>\n\n\n\n<figure class=\"wp-block-image size-large\"><img decoding=\"async\" width=\"819\" height=\"1024\" src=\"https:\/\/lleidacf.cat\/wp-content\/uploads\/2024\/07\/GESPA-4-819x1024.jpeg\" alt=\"\" class=\"wp-image-5584\" srcset=\"https:\/\/lleidacf.cat\/wp-content\/uploads\/2024\/07\/GESPA-4-819x1024.jpeg 819w, https:\/\/lleidacf.cat\/wp-content\/uploads\/2024\/07\/GESPA-4-240x300.jpeg 240w, https:\/\/lleidacf.cat\/wp-content\/uploads\/2024\/07\/GESPA-4-768x960.jpeg 768w, https:\/\/lleidacf.cat\/wp-content\/uploads\/2024\/07\/GESPA-4-1229x1536.jpeg 1229w, https:\/\/lleidacf.cat\/wp-content\/uploads\/2024\/07\/GESPA-4-10x12.jpeg 10w, https:\/\/lleidacf.cat\/wp-content\/uploads\/2024\/07\/GESPA-4.jpeg 1280w\" sizes=\"(max-width: 819px) 100vw, 819px\" \/><\/figure>\n\n\n\n<figure class=\"wp-block-image size-large\"><img loading=\"lazy\" decoding=\"async\" width=\"1024\" height=\"678\" src=\"https:\/\/lleidacf.cat\/wp-content\/uploads\/2024\/07\/GESPA-2-1024x678.jpeg\" alt=\"\" class=\"wp-image-5585\" srcset=\"https:\/\/lleidacf.cat\/wp-content\/uploads\/2024\/07\/GESPA-2-1024x678.jpeg 1024w, https:\/\/lleidacf.cat\/wp-content\/uploads\/2024\/07\/GESPA-2-300x199.jpeg 300w, https:\/\/lleidacf.cat\/wp-content\/uploads\/2024\/07\/GESPA-2-768x508.jpeg 768w, https:\/\/lleidacf.cat\/wp-content\/uploads\/2024\/07\/GESPA-2-1536x1017.jpeg 1536w, https:\/\/lleidacf.cat\/wp-content\/uploads\/2024\/07\/GESPA-2-2048x1356.jpeg 2048w, https:\/\/lleidacf.cat\/wp-content\/uploads\/2024\/07\/GESPA-2-18x12.jpeg 18w\" sizes=\"(max-width: 1024px) 100vw, 1024px\" \/><\/figure>\n\n\n\n<figure class=\"wp-block-image size-large\"><img loading=\"lazy\" decoding=\"async\" width=\"1024\" height=\"768\" src=\"https:\/\/lleidacf.cat\/wp-content\/uploads\/2024\/07\/GESPA-DIMARTS-1024x768.jpeg\" alt=\"\" class=\"wp-image-5671\" srcset=\"https:\/\/lleidacf.cat\/wp-content\/uploads\/2024\/07\/GESPA-DIMARTS-1024x768.jpeg 1024w, https:\/\/lleidacf.cat\/wp-content\/uploads\/2024\/07\/GESPA-DIMARTS-300x225.jpeg 300w, https:\/\/lleidacf.cat\/wp-content\/uploads\/2024\/07\/GESPA-DIMARTS-768x576.jpeg 768w, https:\/\/lleidacf.cat\/wp-content\/uploads\/2024\/07\/GESPA-DIMARTS-1536x1152.jpeg 1536w, https:\/\/lleidacf.cat\/wp-content\/uploads\/2024\/07\/GESPA-DIMARTS-16x12.jpeg 16w, https:\/\/lleidacf.cat\/wp-content\/uploads\/2024\/07\/GESPA-DIMARTS.jpeg 1600w\" sizes=\"(max-width: 1024px) 100vw, 1024px\" \/><\/figure>\n\n\n\n<figure class=\"wp-block-image size-large\"><img loading=\"lazy\" decoding=\"async\" width=\"768\" height=\"1024\" src=\"https:\/\/lleidacf.cat\/wp-content\/uploads\/2024\/07\/GESPA-DIMECRES-768x1024.jpeg\" alt=\"\" class=\"wp-image-5696\" srcset=\"https:\/\/lleidacf.cat\/wp-content\/uploads\/2024\/07\/GESPA-DIMECRES-768x1024.jpeg 768w, https:\/\/lleidacf.cat\/wp-content\/uploads\/2024\/07\/GESPA-DIMECRES-225x300.jpeg 225w, https:\/\/lleidacf.cat\/wp-content\/uploads\/2024\/07\/GESPA-DIMECRES-1152x1536.jpeg 1152w, https:\/\/lleidacf.cat\/wp-content\/uploads\/2024\/07\/GESPA-DIMECRES-9x12.jpeg 9w, https:\/\/lleidacf.cat\/wp-content\/uploads\/2024\/07\/GESPA-DIMECRES.jpeg 1200w\" sizes=\"(max-width: 768px) 100vw, 768px\" \/><\/figure>","protected":false},"excerpt":{"rendered":"<p>La renovaci\u00f3 de la gespa del Camp d\u2019Esports ja est\u00e0, finalment, en marxa. Royalverd ha comen\u00e7at els treballs que impossibilitaran&#8230;<\/p>","protected":false},"author":6,"featured_media":5581,"comment_status":"closed","ping_status":"open","sticky":false,"template":"","format":"standard","meta":{"footnotes":""},"categories":[36],"tags":[],"temporada":[70],"club":[71],"class_list":["post-5580","post","type-post","status-publish","format-standard","has-post-thumbnail","hentry","category-noticies","temporada-2024-2025","club-lleida-cf"],"_links":{"self":[{"href":"https:\/\/lleidacf.cat\/es\/wp-json\/wp\/v2\/posts\/5580","targetHints":{"allow":["GET"]}}],"collection":[{"href":"https:\/\/lleidacf.cat\/es\/wp-json\/wp\/v2\/posts"}],"about":[{"href":"https:\/\/lleidacf.cat\/es\/wp-json\/wp\/v2\/types\/post"}],"author":[{"embeddable":true,"href":"https:\/\/lleidacf.cat\/es\/wp-json\/wp\/v2\/users\/6"}],"replies":[{"embeddable":true,"href":"https:\/\/lleidacf.cat\/es\/wp-json\/wp\/v2\/comments?post=5580"}],"version-history":[{"count":0,"href":"https:\/\/lleidacf.cat\/es\/wp-json\/wp\/v2\/posts\/5580\/revisions"}],"wp:featuredmedia":[{"embeddable":true,"href":"https:\/\/lleidacf.cat\/es\/wp-json\/wp\/v2\/media\/5581"}],"wp:attachment":[{"href":"https:\/\/lleidacf.cat\/es\/wp-json\/wp\/v2\/media?parent=5580"}],"wp:term":[{"taxonomy":"category","embeddable":true,"href":"https:\/\/lleidacf.cat\/es\/wp-json\/wp\/v2\/categories?post=5580"},{"taxonomy":"post_tag","embeddable":true,"href":"https:\/\/lleidacf.cat\/es\/wp-json\/wp\/v2\/tags?post=5580"},{"taxonomy":"temporada","embeddable":true,"href":"https:\/\/lleidacf.cat\/es\/wp-json\/wp\/v2\/temporada?post=5580"},{"taxonomy":"club","embeddable":true,"href":"https:\/\/lleidacf.cat\/es\/wp-json\/wp\/v2\/club?post=5580"}],"curies":[{"name":"wp","href":"https:\/\/api.w.org\/{rel}","templated":true}]}}