{"id":5587,"date":"2024-07-15T16:27:34","date_gmt":"2024-07-15T14:27:34","guid":{"rendered":"https:\/\/lleidacf.cat\/?p=5587"},"modified":"2024-07-16T11:30:08","modified_gmt":"2024-07-16T09:30:08","slug":"comencem-setmana-revisant-lestat-fisic-dels-blaus","status":"publish","type":"post","link":"https:\/\/lleidacf.cat\/es\/comencem-setmana-revisant-lestat-fisic-dels-blaus\/","title":{"rendered":"Comencem setmana revisant l&#8217;estat f\u00edsic dels blaus"},"content":{"rendered":"<p>Avui hem encetat setmana a ritme fren\u00e8tic des de primera hora d\u2019aquest dilluns quan tots els jugadors que, de moment, conformen la plantilla del Lleida CF 2024-2025 han arribat a les instal.lacions del club.<\/p>\n\n\n\n<p>Els renovats i les cares noves han pogut saludar-se per primer cop com a grup abans de passar, un a un, per la zona de treball de preparador f\u00edsic i nutricionista per tal de determinar l\u2019estat dels futbolistes a l\u2019inici de la pretemporada. L\u2019objectiu \u00e9s el d\u2019establir l\u2019al\u00e7ada i el pes, l\u2019\u00edndex de greix, con\u00e8ixer el tipus d\u2019alimentaci\u00f3 que fan aix\u00ed com la revisi\u00f3 de les articulacions i la mesura de la for\u00e7a, la flexibilitat i la postura de cada futbolista. Aquestes han estat les primeres avaluacions fetes durant el mat\u00ed.<\/p>\n\n\n\n<p>A la tarda ha estat moment del reconeixement m\u00e8dic, a la cl\u00ednica HLA Perpetuo Socorro i a les ordres de la doctora Helena Palac\u00edn, per tal de fer una exploraci\u00f3 general de la salut de cada noi i \u00a0determinar la seva pressi\u00f3 arterial, el seu pols, avaluar la visi\u00f3 i revisar l\u2019estat dels diferents \u00f2rgans del cos a trav\u00e9s, entre altres, d\u2019una resson\u00e0ncia magn\u00e8tica i d\u2019un electrocardiograma.<\/p>\n\n\n\n<p>Les proves continuaran al llarg del dia de dem\u00e0 per tal que els jugadors estiguin a punt per a dimecres posar-se a les ordres de Marc Garcia, en el primer entrenament de la pretemporada.<\/p>\n\n\n\n<figure class=\"wp-block-image size-large\"><img fetchpriority=\"high\" decoding=\"async\" width=\"1024\" height=\"689\" src=\"https:\/\/lleidacf.cat\/wp-content\/uploads\/2024\/07\/MIGUEL-OPERE-1024x689.jpeg\" alt=\"\" class=\"wp-image-5589\" srcset=\"https:\/\/lleidacf.cat\/wp-content\/uploads\/2024\/07\/MIGUEL-OPERE-1024x689.jpeg 1024w, https:\/\/lleidacf.cat\/wp-content\/uploads\/2024\/07\/MIGUEL-OPERE-300x202.jpeg 300w, https:\/\/lleidacf.cat\/wp-content\/uploads\/2024\/07\/MIGUEL-OPERE-768x516.jpeg 768w, https:\/\/lleidacf.cat\/wp-content\/uploads\/2024\/07\/MIGUEL-OPERE-1536x1033.jpeg 1536w, https:\/\/lleidacf.cat\/wp-content\/uploads\/2024\/07\/MIGUEL-OPERE-2048x1377.jpeg 2048w, https:\/\/lleidacf.cat\/wp-content\/uploads\/2024\/07\/MIGUEL-OPERE-18x12.jpeg 18w\" sizes=\"(max-width: 1024px) 100vw, 1024px\" \/><\/figure>\n\n\n\n<figure class=\"wp-block-image size-large\"><img decoding=\"async\" width=\"1024\" height=\"685\" src=\"https:\/\/lleidacf.cat\/wp-content\/uploads\/2024\/07\/ADRI-LLEDO-1024x685.jpeg\" alt=\"\" class=\"wp-image-5590\" srcset=\"https:\/\/lleidacf.cat\/wp-content\/uploads\/2024\/07\/ADRI-LLEDO-1024x685.jpeg 1024w, https:\/\/lleidacf.cat\/wp-content\/uploads\/2024\/07\/ADRI-LLEDO-300x201.jpeg 300w, https:\/\/lleidacf.cat\/wp-content\/uploads\/2024\/07\/ADRI-LLEDO-768x514.jpeg 768w, https:\/\/lleidacf.cat\/wp-content\/uploads\/2024\/07\/ADRI-LLEDO-1536x1028.jpeg 1536w, https:\/\/lleidacf.cat\/wp-content\/uploads\/2024\/07\/ADRI-LLEDO-2048x1371.jpeg 2048w, https:\/\/lleidacf.cat\/wp-content\/uploads\/2024\/07\/ADRI-LLEDO-18x12.jpeg 18w\" sizes=\"(max-width: 1024px) 100vw, 1024px\" \/><\/figure>\n\n\n\n<figure class=\"wp-block-image size-large\"><img decoding=\"async\" width=\"1024\" height=\"768\" src=\"https:\/\/lleidacf.cat\/wp-content\/uploads\/2024\/07\/web-revisio-2-1024x768.jpeg\" alt=\"\" class=\"wp-image-5599\" srcset=\"https:\/\/lleidacf.cat\/wp-content\/uploads\/2024\/07\/web-revisio-2-1024x768.jpeg 1024w, https:\/\/lleidacf.cat\/wp-content\/uploads\/2024\/07\/web-revisio-2-300x225.jpeg 300w, https:\/\/lleidacf.cat\/wp-content\/uploads\/2024\/07\/web-revisio-2-768x576.jpeg 768w, https:\/\/lleidacf.cat\/wp-content\/uploads\/2024\/07\/web-revisio-2-1536x1152.jpeg 1536w, https:\/\/lleidacf.cat\/wp-content\/uploads\/2024\/07\/web-revisio-2-16x12.jpeg 16w, https:\/\/lleidacf.cat\/wp-content\/uploads\/2024\/07\/web-revisio-2.jpeg 1600w\" sizes=\"(max-width: 1024px) 100vw, 1024px\" \/><\/figure>\n\n\n\n<figure class=\"wp-block-image size-large\"><img loading=\"lazy\" decoding=\"async\" width=\"768\" height=\"1024\" src=\"https:\/\/lleidacf.cat\/wp-content\/uploads\/2024\/07\/web-revisio-1-768x1024.jpeg\" alt=\"\" class=\"wp-image-5600\" srcset=\"https:\/\/lleidacf.cat\/wp-content\/uploads\/2024\/07\/web-revisio-1-768x1024.jpeg 768w, https:\/\/lleidacf.cat\/wp-content\/uploads\/2024\/07\/web-revisio-1-225x300.jpeg 225w, https:\/\/lleidacf.cat\/wp-content\/uploads\/2024\/07\/web-revisio-1-1152x1536.jpeg 1152w, https:\/\/lleidacf.cat\/wp-content\/uploads\/2024\/07\/web-revisio-1-9x12.jpeg 9w, https:\/\/lleidacf.cat\/wp-content\/uploads\/2024\/07\/web-revisio-1.jpeg 1200w\" sizes=\"(max-width: 768px) 100vw, 768px\" \/><\/figure>\n\n\n\n<figure class=\"wp-block-image size-large\"><img loading=\"lazy\" decoding=\"async\" width=\"768\" height=\"1024\" src=\"https:\/\/lleidacf.cat\/wp-content\/uploads\/2024\/07\/web-revisio-3-768x1024.jpeg\" alt=\"\" class=\"wp-image-5601\" srcset=\"https:\/\/lleidacf.cat\/wp-content\/uploads\/2024\/07\/web-revisio-3-768x1024.jpeg 768w, https:\/\/lleidacf.cat\/wp-content\/uploads\/2024\/07\/web-revisio-3-225x300.jpeg 225w, https:\/\/lleidacf.cat\/wp-content\/uploads\/2024\/07\/web-revisio-3-1152x1536.jpeg 1152w, https:\/\/lleidacf.cat\/wp-content\/uploads\/2024\/07\/web-revisio-3-9x12.jpeg 9w, https:\/\/lleidacf.cat\/wp-content\/uploads\/2024\/07\/web-revisio-3.jpeg 1200w\" sizes=\"(max-width: 768px) 100vw, 768px\" \/><\/figure>","protected":false},"excerpt":{"rendered":"<p>Avui hem encetat setmana a ritme fren\u00e8tic des de primera hora d\u2019aquest dilluns quan tots els jugadors que, de moment,&#8230;<\/p>","protected":false},"author":6,"featured_media":5603,"comment_status":"closed","ping_status":"open","sticky":false,"template":"","format":"standard","meta":{"footnotes":""},"categories":[36],"tags":[],"temporada":[70],"club":[71],"class_list":["post-5587","post","type-post","status-publish","format-standard","has-post-thumbnail","hentry","category-noticies","temporada-2024-2025","club-lleida-cf"],"_links":{"self":[{"href":"https:\/\/lleidacf.cat\/es\/wp-json\/wp\/v2\/posts\/5587","targetHints":{"allow":["GET"]}}],"collection":[{"href":"https:\/\/lleidacf.cat\/es\/wp-json\/wp\/v2\/posts"}],"about":[{"href":"https:\/\/lleidacf.cat\/es\/wp-json\/wp\/v2\/types\/post"}],"author":[{"embeddable":true,"href":"https:\/\/lleidacf.cat\/es\/wp-json\/wp\/v2\/users\/6"}],"replies":[{"embeddable":true,"href":"https:\/\/lleidacf.cat\/es\/wp-json\/wp\/v2\/comments?post=5587"}],"version-history":[{"count":0,"href":"https:\/\/lleidacf.cat\/es\/wp-json\/wp\/v2\/posts\/5587\/revisions"}],"wp:featuredmedia":[{"embeddable":true,"href":"https:\/\/lleidacf.cat\/es\/wp-json\/wp\/v2\/media\/5603"}],"wp:attachment":[{"href":"https:\/\/lleidacf.cat\/es\/wp-json\/wp\/v2\/media?parent=5587"}],"wp:term":[{"taxonomy":"category","embeddable":true,"href":"https:\/\/lleidacf.cat\/es\/wp-json\/wp\/v2\/categories?post=5587"},{"taxonomy":"post_tag","embeddable":true,"href":"https:\/\/lleidacf.cat\/es\/wp-json\/wp\/v2\/tags?post=5587"},{"taxonomy":"temporada","embeddable":true,"href":"https:\/\/lleidacf.cat\/es\/wp-json\/wp\/v2\/temporada?post=5587"},{"taxonomy":"club","embeddable":true,"href":"https:\/\/lleidacf.cat\/es\/wp-json\/wp\/v2\/club?post=5587"}],"curies":[{"name":"wp","href":"https:\/\/api.w.org\/{rel}","templated":true}]}}