{"id":5662,"date":"2024-07-16T14:13:10","date_gmt":"2024-07-16T12:13:10","guid":{"rendered":"https:\/\/lleidacf.cat\/?p=5662"},"modified":"2024-07-16T14:14:49","modified_gmt":"2024-07-16T12:14:49","slug":"adri-gene-i-fran-perez-dos-golejadors-per-al-lleida-cf","status":"publish","type":"post","link":"https:\/\/lleidacf.cat\/es\/adri-gene-i-fran-perez-dos-golejadors-per-al-lleida-cf\/","title":{"rendered":"Adri Gen\u00e9 i Fran P\u00e9rez, dos golejadors per al Lleida CF"},"content":{"rendered":"<p>Les negociacions per a incorporar a Adri\u00e0 Gen\u00e9 i a Fran P\u00e9rez han estat r\u00e0pides i senzilles. En el primer cas, perqu\u00e8 han coincidit les ganes de recuperar el talent del de El Poal amb la il\u00b7lusi\u00f3 del futbolista de tornar al seu club, del que sempre ha sentit els colors molt endins.<\/p>\n\n\n\n<p>Adri, especialment content de veure\u2019s recuperat pel Lleida, est\u00e0 conven\u00e7ut que aquest \u00e9s el moment perfecte per tornar a casa. Ho fa amb moltes ganes de gol, m\u00e9s madur, amb m\u00e9s experi\u00e8ncia i major regularitat, diu. Ve de fer la seva millor temporada i se sent del tot preparat per assumir el repte il\u00b7lusionant de l\u2019equip del Camp d\u2019Esports. Agraeix la confian\u00e7a i fa una crida a tothom per sumar-se a aquest projecte ja que, nom\u00e9s pensa a gaudir de tardes de futbol que evidenci\u00efn l\u2019actual comuni\u00f3 entre afici\u00f3 i jugadors.<\/p>\n\n\n\n<p>Pel que fa al madrileny, Fran P\u00e9rez tamb\u00e9 est\u00e0 en total sintonia amb els objectius col\u00b7lectius del Lleida CF i disposat a oferir la seva millor versi\u00f3 en tots i cadascun dels partits que jugui amb el grup blau. T\u00e9 ganes de pilota i de camp i es defineix capa\u00e7 de defensar posicions diverses: ha jugat molt de davanter com de mitjapunta, on se sent molt c\u00f2mode. El club li valora la seva capacitat golejadora, d\u2019atac, de pot\u00e8ncia i el bon toc de pilota.&nbsp;<\/p>\n\n\n\n<figure class=\"wp-block-image size-large\"><img fetchpriority=\"high\" decoding=\"async\" width=\"819\" height=\"1024\" src=\"https:\/\/lleidacf.cat\/wp-content\/uploads\/2024\/07\/WhatsApp-Image-2024-07-16-at-13.44.21-819x1024.jpeg\" alt=\"\" class=\"wp-image-5664\" srcset=\"https:\/\/lleidacf.cat\/wp-content\/uploads\/2024\/07\/WhatsApp-Image-2024-07-16-at-13.44.21-819x1024.jpeg 819w, https:\/\/lleidacf.cat\/wp-content\/uploads\/2024\/07\/WhatsApp-Image-2024-07-16-at-13.44.21-240x300.jpeg 240w, https:\/\/lleidacf.cat\/wp-content\/uploads\/2024\/07\/WhatsApp-Image-2024-07-16-at-13.44.21-768x960.jpeg 768w, https:\/\/lleidacf.cat\/wp-content\/uploads\/2024\/07\/WhatsApp-Image-2024-07-16-at-13.44.21-10x12.jpeg 10w, https:\/\/lleidacf.cat\/wp-content\/uploads\/2024\/07\/WhatsApp-Image-2024-07-16-at-13.44.21.jpeg 1080w\" sizes=\"(max-width: 819px) 100vw, 819px\" \/><\/figure>\n\n\n\n<figure class=\"wp-block-image size-large\"><img decoding=\"async\" width=\"819\" height=\"1024\" src=\"https:\/\/lleidacf.cat\/wp-content\/uploads\/2024\/07\/WhatsApp-Image-2024-07-16-at-13.44.21-2-819x1024.jpeg\" alt=\"\" class=\"wp-image-5665\" srcset=\"https:\/\/lleidacf.cat\/wp-content\/uploads\/2024\/07\/WhatsApp-Image-2024-07-16-at-13.44.21-2-819x1024.jpeg 819w, https:\/\/lleidacf.cat\/wp-content\/uploads\/2024\/07\/WhatsApp-Image-2024-07-16-at-13.44.21-2-240x300.jpeg 240w, https:\/\/lleidacf.cat\/wp-content\/uploads\/2024\/07\/WhatsApp-Image-2024-07-16-at-13.44.21-2-768x960.jpeg 768w, https:\/\/lleidacf.cat\/wp-content\/uploads\/2024\/07\/WhatsApp-Image-2024-07-16-at-13.44.21-2-10x12.jpeg 10w, https:\/\/lleidacf.cat\/wp-content\/uploads\/2024\/07\/WhatsApp-Image-2024-07-16-at-13.44.21-2.jpeg 1080w\" sizes=\"(max-width: 819px) 100vw, 819px\" \/><\/figure>\n\n\n\n<figure class=\"wp-block-image size-large\"><img decoding=\"async\" width=\"819\" height=\"1024\" src=\"https:\/\/lleidacf.cat\/wp-content\/uploads\/2024\/07\/WhatsApp-Image-2024-07-16-at-13.45.33-819x1024.jpeg\" alt=\"\" class=\"wp-image-5666\" srcset=\"https:\/\/lleidacf.cat\/wp-content\/uploads\/2024\/07\/WhatsApp-Image-2024-07-16-at-13.45.33-819x1024.jpeg 819w, https:\/\/lleidacf.cat\/wp-content\/uploads\/2024\/07\/WhatsApp-Image-2024-07-16-at-13.45.33-240x300.jpeg 240w, https:\/\/lleidacf.cat\/wp-content\/uploads\/2024\/07\/WhatsApp-Image-2024-07-16-at-13.45.33-768x960.jpeg 768w, https:\/\/lleidacf.cat\/wp-content\/uploads\/2024\/07\/WhatsApp-Image-2024-07-16-at-13.45.33-10x12.jpeg 10w, https:\/\/lleidacf.cat\/wp-content\/uploads\/2024\/07\/WhatsApp-Image-2024-07-16-at-13.45.33.jpeg 1080w\" sizes=\"(max-width: 819px) 100vw, 819px\" \/><\/figure>\n\n\n\n<figure class=\"wp-block-image size-large\"><img loading=\"lazy\" decoding=\"async\" width=\"819\" height=\"1024\" src=\"https:\/\/lleidacf.cat\/wp-content\/uploads\/2024\/07\/WhatsApp-Image-2024-07-16-at-13.44.50-819x1024.jpeg\" alt=\"\" class=\"wp-image-5667\" srcset=\"https:\/\/lleidacf.cat\/wp-content\/uploads\/2024\/07\/WhatsApp-Image-2024-07-16-at-13.44.50-819x1024.jpeg 819w, https:\/\/lleidacf.cat\/wp-content\/uploads\/2024\/07\/WhatsApp-Image-2024-07-16-at-13.44.50-240x300.jpeg 240w, https:\/\/lleidacf.cat\/wp-content\/uploads\/2024\/07\/WhatsApp-Image-2024-07-16-at-13.44.50-768x960.jpeg 768w, https:\/\/lleidacf.cat\/wp-content\/uploads\/2024\/07\/WhatsApp-Image-2024-07-16-at-13.44.50-10x12.jpeg 10w, https:\/\/lleidacf.cat\/wp-content\/uploads\/2024\/07\/WhatsApp-Image-2024-07-16-at-13.44.50.jpeg 1080w\" sizes=\"(max-width: 819px) 100vw, 819px\" \/><\/figure>","protected":false},"excerpt":{"rendered":"<p>Les negociacions per a incorporar a Adri\u00e0 Gen\u00e9 i a Fran P\u00e9rez han estat r\u00e0pides i senzilles. En el primer&#8230;<\/p>","protected":false},"author":6,"featured_media":5670,"comment_status":"closed","ping_status":"open","sticky":false,"template":"","format":"standard","meta":{"footnotes":""},"categories":[36],"tags":[],"temporada":[70],"club":[71],"class_list":["post-5662","post","type-post","status-publish","format-standard","has-post-thumbnail","hentry","category-noticies","temporada-2024-2025","club-lleida-cf"],"_links":{"self":[{"href":"https:\/\/lleidacf.cat\/es\/wp-json\/wp\/v2\/posts\/5662","targetHints":{"allow":["GET"]}}],"collection":[{"href":"https:\/\/lleidacf.cat\/es\/wp-json\/wp\/v2\/posts"}],"about":[{"href":"https:\/\/lleidacf.cat\/es\/wp-json\/wp\/v2\/types\/post"}],"author":[{"embeddable":true,"href":"https:\/\/lleidacf.cat\/es\/wp-json\/wp\/v2\/users\/6"}],"replies":[{"embeddable":true,"href":"https:\/\/lleidacf.cat\/es\/wp-json\/wp\/v2\/comments?post=5662"}],"version-history":[{"count":0,"href":"https:\/\/lleidacf.cat\/es\/wp-json\/wp\/v2\/posts\/5662\/revisions"}],"wp:featuredmedia":[{"embeddable":true,"href":"https:\/\/lleidacf.cat\/es\/wp-json\/wp\/v2\/media\/5670"}],"wp:attachment":[{"href":"https:\/\/lleidacf.cat\/es\/wp-json\/wp\/v2\/media?parent=5662"}],"wp:term":[{"taxonomy":"category","embeddable":true,"href":"https:\/\/lleidacf.cat\/es\/wp-json\/wp\/v2\/categories?post=5662"},{"taxonomy":"post_tag","embeddable":true,"href":"https:\/\/lleidacf.cat\/es\/wp-json\/wp\/v2\/tags?post=5662"},{"taxonomy":"temporada","embeddable":true,"href":"https:\/\/lleidacf.cat\/es\/wp-json\/wp\/v2\/temporada?post=5662"},{"taxonomy":"club","embeddable":true,"href":"https:\/\/lleidacf.cat\/es\/wp-json\/wp\/v2\/club?post=5662"}],"curies":[{"name":"wp","href":"https:\/\/api.w.org\/{rel}","templated":true}]}}