{"id":5946,"date":"2024-08-12T11:35:53","date_gmt":"2024-08-12T09:35:53","guid":{"rendered":"https:\/\/lleidacf.cat\/?p=5946"},"modified":"2024-08-12T11:35:53","modified_gmt":"2024-08-12T09:35:53","slug":"xavi-estacio-sincorpora-a-les-files-blaves","status":"publish","type":"post","link":"https:\/\/lleidacf.cat\/es\/xavi-estacio-sincorpora-a-les-files-blaves\/","title":{"rendered":"Xavi Estacio s\u2019incorpora a les files blaves"},"content":{"rendered":"<p>El lateral dret valenci\u00e0 \u00e9s el nou fitxatge del Lleida CF. Nascut al 2001, a la localitat de Manises, ha passat pel Recreativo de Granada, el CD Eldense, el San Fernando CD, el Valencia Mestalla i per l\u2019Alzira. Francesc Xavier Estacio Fajardo ha jugat, a m\u00e9s, un total de 4 partits internacionals amb la selecci\u00f3 Espa\u00f1a S20.<\/p>\n\n\n\n<figure class=\"wp-block-image size-large\"><img fetchpriority=\"high\" decoding=\"async\" width=\"819\" height=\"1024\" src=\"https:\/\/lleidacf.cat\/wp-content\/uploads\/2024\/08\/XAVI-ESTACIO-VERTICAL-819x1024.jpeg\" alt=\"\" class=\"wp-image-5947\" srcset=\"https:\/\/lleidacf.cat\/wp-content\/uploads\/2024\/08\/XAVI-ESTACIO-VERTICAL-819x1024.jpeg 819w, https:\/\/lleidacf.cat\/wp-content\/uploads\/2024\/08\/XAVI-ESTACIO-VERTICAL-240x300.jpeg 240w, https:\/\/lleidacf.cat\/wp-content\/uploads\/2024\/08\/XAVI-ESTACIO-VERTICAL-768x960.jpeg 768w, https:\/\/lleidacf.cat\/wp-content\/uploads\/2024\/08\/XAVI-ESTACIO-VERTICAL-10x12.jpeg 10w, https:\/\/lleidacf.cat\/wp-content\/uploads\/2024\/08\/XAVI-ESTACIO-VERTICAL.jpeg 1080w\" sizes=\"(max-width: 819px) 100vw, 819px\" \/><\/figure>\n\n\n\n<p>\u00a0\u00a0\u00a0\u00a0\u00a0\u00a0\u00a0\u00a0\u00a0\u00a0\u00a0\u00a0\u00a0\u00a0\u00a0\u00a0\u00a0\u00a0\u00a0\u00a0\u00a0\u00a0\u00a0\u00a0\u00a0\u00a0\u00a0\u00a0\u00a0\u00a0\u00a0\u00a0\u00a0\u00a0\u00a0\u00a0\u00a0\u00a0\u00a0\u00a0\u00a0\u00a0\u00a0\u00a0\u00a0\u00a0\u00a0\u00a0\u00a0\u00a0\u00a0\u00a0\u00a0\u00a0\u00a0\u00a0\u00a0\u00a0\u00a0\u00a0\u00a0\u00a0\u00a0\u00a0\u00a0\u00a0\u00a0\u00a0\u00a0\u00a0\u00a0\u00a0\u00a0\u00a0\u00a0\u00a0\u00a0\u00a0\u00a0\u00a0\u00a0\u00a0\u00a0\u00a0\u00a0\u00a0\u00a0\u00a0\u00a0\u00a0\u00a0 \u00a0<\/p>","protected":false},"excerpt":{"rendered":"<p>El lateral dret valenci\u00e0 \u00e9s el nou fitxatge del Lleida CF. Nascut al 2001, a la localitat de Manises, ha&#8230;<\/p>","protected":false},"author":6,"featured_media":5948,"comment_status":"closed","ping_status":"open","sticky":false,"template":"","format":"standard","meta":{"footnotes":""},"categories":[36],"tags":[],"temporada":[70],"club":[71],"class_list":["post-5946","post","type-post","status-publish","format-standard","has-post-thumbnail","hentry","category-noticies","temporada-2024-2025","club-lleida-cf"],"_links":{"self":[{"href":"https:\/\/lleidacf.cat\/es\/wp-json\/wp\/v2\/posts\/5946","targetHints":{"allow":["GET"]}}],"collection":[{"href":"https:\/\/lleidacf.cat\/es\/wp-json\/wp\/v2\/posts"}],"about":[{"href":"https:\/\/lleidacf.cat\/es\/wp-json\/wp\/v2\/types\/post"}],"author":[{"embeddable":true,"href":"https:\/\/lleidacf.cat\/es\/wp-json\/wp\/v2\/users\/6"}],"replies":[{"embeddable":true,"href":"https:\/\/lleidacf.cat\/es\/wp-json\/wp\/v2\/comments?post=5946"}],"version-history":[{"count":0,"href":"https:\/\/lleidacf.cat\/es\/wp-json\/wp\/v2\/posts\/5946\/revisions"}],"wp:featuredmedia":[{"embeddable":true,"href":"https:\/\/lleidacf.cat\/es\/wp-json\/wp\/v2\/media\/5948"}],"wp:attachment":[{"href":"https:\/\/lleidacf.cat\/es\/wp-json\/wp\/v2\/media?parent=5946"}],"wp:term":[{"taxonomy":"category","embeddable":true,"href":"https:\/\/lleidacf.cat\/es\/wp-json\/wp\/v2\/categories?post=5946"},{"taxonomy":"post_tag","embeddable":true,"href":"https:\/\/lleidacf.cat\/es\/wp-json\/wp\/v2\/tags?post=5946"},{"taxonomy":"temporada","embeddable":true,"href":"https:\/\/lleidacf.cat\/es\/wp-json\/wp\/v2\/temporada?post=5946"},{"taxonomy":"club","embeddable":true,"href":"https:\/\/lleidacf.cat\/es\/wp-json\/wp\/v2\/club?post=5946"}],"curies":[{"name":"wp","href":"https:\/\/api.w.org\/{rel}","templated":true}]}}