{"id":5963,"date":"2024-08-19T12:03:31","date_gmt":"2024-08-19T10:03:31","guid":{"rendered":"https:\/\/lleidacf.cat\/?p=5963"},"modified":"2024-08-19T12:03:31","modified_gmt":"2024-08-19T10:03:31","slug":"juanan-casanova-vidal-fitxa-pel-lleida","status":"publish","type":"post","link":"https:\/\/lleidacf.cat\/es\/juanan-casanova-vidal-fitxa-pel-lleida\/","title":{"rendered":"Juanan Casanova Vidal fitxa pel Lleida"},"content":{"rendered":"<p>Nou jugador per a l\u2019entitat blava: el valenci\u00e0 Juanan s\u2019incorpora a les files del Lleida CF. Nascut el 1990, a la localitat de L\u2019Olleria, el migcampista d\u20191.83\u00a0 d\u2019al\u00e7ada arriba provinent del CD Alcoyano, a 1A RFEF, on ha militat les \u00faltimes quatre temporades. Abans havia jugat amb La Nuc\u00eda, l\u2019Ontinyent i l\u2019Alzira.<\/p>\n\n\n\n<figure class=\"wp-block-image size-large\"><img fetchpriority=\"high\" decoding=\"async\" width=\"819\" height=\"1024\" src=\"https:\/\/lleidacf.cat\/wp-content\/uploads\/2024\/08\/JUANAN-VERTICAL-819x1024.jpeg\" alt=\"\" class=\"wp-image-5965\" srcset=\"https:\/\/lleidacf.cat\/wp-content\/uploads\/2024\/08\/JUANAN-VERTICAL-819x1024.jpeg 819w, https:\/\/lleidacf.cat\/wp-content\/uploads\/2024\/08\/JUANAN-VERTICAL-240x300.jpeg 240w, https:\/\/lleidacf.cat\/wp-content\/uploads\/2024\/08\/JUANAN-VERTICAL-768x960.jpeg 768w, https:\/\/lleidacf.cat\/wp-content\/uploads\/2024\/08\/JUANAN-VERTICAL-10x12.jpeg 10w, https:\/\/lleidacf.cat\/wp-content\/uploads\/2024\/08\/JUANAN-VERTICAL.jpeg 1080w\" sizes=\"(max-width: 819px) 100vw, 819px\" \/><\/figure>","protected":false},"excerpt":{"rendered":"<p>Nou jugador per a l\u2019entitat blava: el valenci\u00e0 Juanan s\u2019incorpora a les files del Lleida CF. Nascut el 1990, a&#8230;<\/p>","protected":false},"author":6,"featured_media":5964,"comment_status":"closed","ping_status":"open","sticky":false,"template":"","format":"standard","meta":{"footnotes":""},"categories":[36],"tags":[],"temporada":[70],"club":[71],"class_list":["post-5963","post","type-post","status-publish","format-standard","has-post-thumbnail","hentry","category-noticies","temporada-2024-2025","club-lleida-cf"],"_links":{"self":[{"href":"https:\/\/lleidacf.cat\/es\/wp-json\/wp\/v2\/posts\/5963","targetHints":{"allow":["GET"]}}],"collection":[{"href":"https:\/\/lleidacf.cat\/es\/wp-json\/wp\/v2\/posts"}],"about":[{"href":"https:\/\/lleidacf.cat\/es\/wp-json\/wp\/v2\/types\/post"}],"author":[{"embeddable":true,"href":"https:\/\/lleidacf.cat\/es\/wp-json\/wp\/v2\/users\/6"}],"replies":[{"embeddable":true,"href":"https:\/\/lleidacf.cat\/es\/wp-json\/wp\/v2\/comments?post=5963"}],"version-history":[{"count":0,"href":"https:\/\/lleidacf.cat\/es\/wp-json\/wp\/v2\/posts\/5963\/revisions"}],"wp:featuredmedia":[{"embeddable":true,"href":"https:\/\/lleidacf.cat\/es\/wp-json\/wp\/v2\/media\/5964"}],"wp:attachment":[{"href":"https:\/\/lleidacf.cat\/es\/wp-json\/wp\/v2\/media?parent=5963"}],"wp:term":[{"taxonomy":"category","embeddable":true,"href":"https:\/\/lleidacf.cat\/es\/wp-json\/wp\/v2\/categories?post=5963"},{"taxonomy":"post_tag","embeddable":true,"href":"https:\/\/lleidacf.cat\/es\/wp-json\/wp\/v2\/tags?post=5963"},{"taxonomy":"temporada","embeddable":true,"href":"https:\/\/lleidacf.cat\/es\/wp-json\/wp\/v2\/temporada?post=5963"},{"taxonomy":"club","embeddable":true,"href":"https:\/\/lleidacf.cat\/es\/wp-json\/wp\/v2\/club?post=5963"}],"curies":[{"name":"wp","href":"https:\/\/api.w.org\/{rel}","templated":true}]}}