{"id":5989,"date":"2024-08-23T12:00:20","date_gmt":"2024-08-23T10:00:20","guid":{"rendered":"https:\/\/lleidacf.cat\/?p=5989"},"modified":"2024-08-23T12:00:20","modified_gmt":"2024-08-23T10:00:20","slug":"gracies-lleida-cf","status":"publish","type":"post","link":"https:\/\/lleidacf.cat\/es\/gracies-lleida-cf\/","title":{"rendered":"Gr\u00e0cies, Lleida CF!"},"content":{"rendered":"<p>El club ha contractat els serveis de Lleida Televisi\u00f3 i d\u2019Aspamusic Events per tal de retransmetre en pantalla gegant els dos partits que l\u2019equip ha de disputar a porta tancada. Ho ha de fer en compliment de la sanci\u00f3 imposada per la RFEF despr\u00e9s dels fets que van tenir lloc als minuts d\u2019afegit del primer xoc en play-off contra el Yeclano.<\/p>\n\n\n\n<p>El club liderat per Luis Pereira fa, una vegada m\u00e9s, un altre important esfor\u00e7 econ\u00f2mic per tal de satisfer la demanda de l\u2019afici\u00f3 blava assumint la totalitat del cost tant de la col\u00b7locaci\u00f3 de la pantalla a l\u2019exterior de l\u2019estadi com del desplegament t\u00e8cnic necessari per a emetre el senyal amb la imatge dels partits. La televisi\u00f3 local, a m\u00e9s, tamb\u00e9 els emetr\u00e0 en directe en el seu canal: els dissabtes dia 7 i 14 de setembre, a les 19.30 hores, contra l\u2019Atl\u00e9tico Balear, el primer cap de setmana, i contra el Cornell\u00e0, el segon.<\/p>\n\n\n\n<p>El club tenia intenci\u00f3 d\u2019anunciar-ho tot plegat la setmana vinent, com una bona nova tot coincidint amb la setmana d\u2019inici de la Lliga i per tal de poder oferir tots els detalls que acompanyaran i completaran aquestes dues especials i at\u00edpiques tardes de futbol.<\/p>\n\n\n\n<p><\/p>","protected":false},"excerpt":{"rendered":"<p>El club ha contractat els serveis de Lleida Televisi\u00f3 i d\u2019Aspamusic Events per tal de retransmetre en pantalla gegant els&#8230;<\/p>","protected":false},"author":6,"featured_media":5990,"comment_status":"closed","ping_status":"open","sticky":false,"template":"","format":"standard","meta":{"footnotes":""},"categories":[36],"tags":[],"temporada":[70],"club":[71],"class_list":["post-5989","post","type-post","status-publish","format-standard","has-post-thumbnail","hentry","category-noticies","temporada-2024-2025","club-lleida-cf"],"_links":{"self":[{"href":"https:\/\/lleidacf.cat\/es\/wp-json\/wp\/v2\/posts\/5989","targetHints":{"allow":["GET"]}}],"collection":[{"href":"https:\/\/lleidacf.cat\/es\/wp-json\/wp\/v2\/posts"}],"about":[{"href":"https:\/\/lleidacf.cat\/es\/wp-json\/wp\/v2\/types\/post"}],"author":[{"embeddable":true,"href":"https:\/\/lleidacf.cat\/es\/wp-json\/wp\/v2\/users\/6"}],"replies":[{"embeddable":true,"href":"https:\/\/lleidacf.cat\/es\/wp-json\/wp\/v2\/comments?post=5989"}],"version-history":[{"count":0,"href":"https:\/\/lleidacf.cat\/es\/wp-json\/wp\/v2\/posts\/5989\/revisions"}],"wp:featuredmedia":[{"embeddable":true,"href":"https:\/\/lleidacf.cat\/es\/wp-json\/wp\/v2\/media\/5990"}],"wp:attachment":[{"href":"https:\/\/lleidacf.cat\/es\/wp-json\/wp\/v2\/media?parent=5989"}],"wp:term":[{"taxonomy":"category","embeddable":true,"href":"https:\/\/lleidacf.cat\/es\/wp-json\/wp\/v2\/categories?post=5989"},{"taxonomy":"post_tag","embeddable":true,"href":"https:\/\/lleidacf.cat\/es\/wp-json\/wp\/v2\/tags?post=5989"},{"taxonomy":"temporada","embeddable":true,"href":"https:\/\/lleidacf.cat\/es\/wp-json\/wp\/v2\/temporada?post=5989"},{"taxonomy":"club","embeddable":true,"href":"https:\/\/lleidacf.cat\/es\/wp-json\/wp\/v2\/club?post=5989"}],"curies":[{"name":"wp","href":"https:\/\/api.w.org\/{rel}","templated":true}]}}