{"id":6002,"date":"2024-08-27T12:39:29","date_gmt":"2024-08-27T10:39:29","guid":{"rendered":"https:\/\/lleidacf.cat\/?p=6002"},"modified":"2024-08-27T12:39:40","modified_gmt":"2024-08-27T10:39:40","slug":"9-clubs-acorden-preu-per-laficio-visitant","status":"publish","type":"post","link":"https:\/\/lleidacf.cat\/es\/9-clubs-acorden-preu-per-laficio-visitant\/","title":{"rendered":"9 clubs acordem preu per a l&#8217;afici\u00f3 visitant"},"content":{"rendered":"<p>El Lleida CF tamb\u00e9 forma part del grup de 9 clubs, del Grup 3 de la 2a RFEF, que han arribat a un acord per fixar el preu m\u00e0xim de 10 euros de les entrades de l\u2019afici\u00f3 visitant!!<\/p>\n\n\n\n<p>En el cas de l\u2019Ibiza amb l\u2019excepci\u00f3 del Dia del Club i la Copa del Rey)<\/p>\n\n\n\n<p>Ens veiem, aquesta nova temporada, als camps!!<\/p>\n\n\n\n<figure class=\"wp-block-image size-large\"><img fetchpriority=\"high\" decoding=\"async\" width=\"819\" height=\"1024\" src=\"https:\/\/lleidacf.cat\/wp-content\/uploads\/2024\/08\/ACORD-PREU-ENTRADES-819x1024.jpeg\" alt=\"\" class=\"wp-image-6004\" srcset=\"https:\/\/lleidacf.cat\/wp-content\/uploads\/2024\/08\/ACORD-PREU-ENTRADES-819x1024.jpeg 819w, https:\/\/lleidacf.cat\/wp-content\/uploads\/2024\/08\/ACORD-PREU-ENTRADES-240x300.jpeg 240w, https:\/\/lleidacf.cat\/wp-content\/uploads\/2024\/08\/ACORD-PREU-ENTRADES-768x960.jpeg 768w, https:\/\/lleidacf.cat\/wp-content\/uploads\/2024\/08\/ACORD-PREU-ENTRADES-1229x1536.jpeg 1229w, https:\/\/lleidacf.cat\/wp-content\/uploads\/2024\/08\/ACORD-PREU-ENTRADES-1638x2048.jpeg 1638w, https:\/\/lleidacf.cat\/wp-content\/uploads\/2024\/08\/ACORD-PREU-ENTRADES-10x12.jpeg 10w, https:\/\/lleidacf.cat\/wp-content\/uploads\/2024\/08\/ACORD-PREU-ENTRADES-scaled.jpeg 2048w\" sizes=\"(max-width: 819px) 100vw, 819px\" \/><\/figure>","protected":false},"excerpt":{"rendered":"<p>El Lleida CF tamb\u00e9 forma part del grup de 9 clubs, del Grup 3 de la 2a RFEF, que han&#8230;<\/p>","protected":false},"author":6,"featured_media":6003,"comment_status":"closed","ping_status":"open","sticky":false,"template":"","format":"standard","meta":{"footnotes":""},"categories":[1],"tags":[],"temporada":[],"club":[],"class_list":["post-6002","post","type-post","status-publish","format-standard","has-post-thumbnail","hentry","category-rsc"],"_links":{"self":[{"href":"https:\/\/lleidacf.cat\/es\/wp-json\/wp\/v2\/posts\/6002","targetHints":{"allow":["GET"]}}],"collection":[{"href":"https:\/\/lleidacf.cat\/es\/wp-json\/wp\/v2\/posts"}],"about":[{"href":"https:\/\/lleidacf.cat\/es\/wp-json\/wp\/v2\/types\/post"}],"author":[{"embeddable":true,"href":"https:\/\/lleidacf.cat\/es\/wp-json\/wp\/v2\/users\/6"}],"replies":[{"embeddable":true,"href":"https:\/\/lleidacf.cat\/es\/wp-json\/wp\/v2\/comments?post=6002"}],"version-history":[{"count":0,"href":"https:\/\/lleidacf.cat\/es\/wp-json\/wp\/v2\/posts\/6002\/revisions"}],"wp:featuredmedia":[{"embeddable":true,"href":"https:\/\/lleidacf.cat\/es\/wp-json\/wp\/v2\/media\/6003"}],"wp:attachment":[{"href":"https:\/\/lleidacf.cat\/es\/wp-json\/wp\/v2\/media?parent=6002"}],"wp:term":[{"taxonomy":"category","embeddable":true,"href":"https:\/\/lleidacf.cat\/es\/wp-json\/wp\/v2\/categories?post=6002"},{"taxonomy":"post_tag","embeddable":true,"href":"https:\/\/lleidacf.cat\/es\/wp-json\/wp\/v2\/tags?post=6002"},{"taxonomy":"temporada","embeddable":true,"href":"https:\/\/lleidacf.cat\/es\/wp-json\/wp\/v2\/temporada?post=6002"},{"taxonomy":"club","embeddable":true,"href":"https:\/\/lleidacf.cat\/es\/wp-json\/wp\/v2\/club?post=6002"}],"curies":[{"name":"wp","href":"https:\/\/api.w.org\/{rel}","templated":true}]}}