{"id":6025,"date":"2024-09-04T10:51:48","date_gmt":"2024-09-04T08:51:48","guid":{"rendered":"https:\/\/lleidacf.cat\/?p=6025"},"modified":"2024-09-06T10:44:55","modified_gmt":"2024-09-06T08:44:55","slug":"aquest-dissabte-tardeo-al-camp-desports","status":"publish","type":"post","link":"https:\/\/lleidacf.cat\/es\/aquest-dissabte-tardeo-al-camp-desports\/","title":{"rendered":"Aquest dissabte, TARDEO al Camp d&#8217;Esports!!!"},"content":{"rendered":"<p>Aquest dissabte, dia 7 de setembre, i el vinent, dia 14, t\u2019esperem per a celebrar el futbol blau!!!!!<\/p>\n\n\n\n<p>\u00c9s en els moments dif\u00edcils quan m\u00e9s falta ens fa el suport de la nostra afici\u00f3. <\/p>\n\n\n\n<p><\/p>\n\n\n\n<p><\/p>\n\n\n\n<p>Reserva\u2019t aquests dos dissabtes per passar-los amb el teu equip i el teu club!!!<\/p>\n\n\n\n<p>-Tothom hi ser\u00e0 benvingut<\/p>\n\n\n\n<p>-Animarem dempeus i sense descans<\/p>\n\n\n\n<p>-Hi haur\u00e0 barra de bar amb begudes i snacks<\/p>\n\n\n\n<p>-Tindrem m\u00fasica i bon ambient<\/p>\n\n\n\n<p>-Disposarem de WC<\/p>\n\n\n\n<p>-De 18 a 19 hores, a la Porta Principal, ENTREGA de carnets als abonats i abonades<\/p>\n\n\n\n<p>-No farem renovacions i altes, NOM\u00c9S LLIURAMENT D&#8217;ABONAMENTS!!!!<\/p>\n\n\n\n<p>-Fan Zone oberta de les 18 a les 23 hores<\/p>\n\n\n\n<p><\/p>\n\n\n\n<p><\/p>\n\n\n\n<p>Vine a donar suport al teu club i a animar ben fort!!!!<\/p>\n\n\n\n<p>M\u00e9s forts. M\u00e9s Lleida.<\/p>\n\n\n\n<figure class=\"wp-block-image size-large is-resized\"><img fetchpriority=\"high\" decoding=\"async\" width=\"819\" height=\"1024\" src=\"https:\/\/lleidacf.cat\/wp-content\/uploads\/2024\/09\/TARDEO-7-SETEMBRE-2024-819x1024.jpeg\" alt=\"\" class=\"wp-image-6027\" style=\"width:967px;height:auto\" srcset=\"https:\/\/lleidacf.cat\/wp-content\/uploads\/2024\/09\/TARDEO-7-SETEMBRE-2024-819x1024.jpeg 819w, https:\/\/lleidacf.cat\/wp-content\/uploads\/2024\/09\/TARDEO-7-SETEMBRE-2024-240x300.jpeg 240w, https:\/\/lleidacf.cat\/wp-content\/uploads\/2024\/09\/TARDEO-7-SETEMBRE-2024-768x960.jpeg 768w, https:\/\/lleidacf.cat\/wp-content\/uploads\/2024\/09\/TARDEO-7-SETEMBRE-2024-1229x1536.jpeg 1229w, https:\/\/lleidacf.cat\/wp-content\/uploads\/2024\/09\/TARDEO-7-SETEMBRE-2024-1638x2048.jpeg 1638w, https:\/\/lleidacf.cat\/wp-content\/uploads\/2024\/09\/TARDEO-7-SETEMBRE-2024-10x12.jpeg 10w, https:\/\/lleidacf.cat\/wp-content\/uploads\/2024\/09\/TARDEO-7-SETEMBRE-2024-scaled.jpeg 2048w\" sizes=\"(max-width: 819px) 100vw, 819px\" \/><\/figure>","protected":false},"excerpt":{"rendered":"<p>Aquest dissabte, dia 7 de setembre, i el vinent, dia 14, t\u2019esperem per a celebrar el futbol blau!!!!! \u00c9s en&#8230;<\/p>","protected":false},"author":6,"featured_media":6028,"comment_status":"closed","ping_status":"open","sticky":false,"template":"","format":"standard","meta":{"footnotes":""},"categories":[36],"tags":[],"temporada":[70],"club":[71],"class_list":["post-6025","post","type-post","status-publish","format-standard","has-post-thumbnail","hentry","category-noticies","temporada-2024-2025","club-lleida-cf"],"_links":{"self":[{"href":"https:\/\/lleidacf.cat\/es\/wp-json\/wp\/v2\/posts\/6025","targetHints":{"allow":["GET"]}}],"collection":[{"href":"https:\/\/lleidacf.cat\/es\/wp-json\/wp\/v2\/posts"}],"about":[{"href":"https:\/\/lleidacf.cat\/es\/wp-json\/wp\/v2\/types\/post"}],"author":[{"embeddable":true,"href":"https:\/\/lleidacf.cat\/es\/wp-json\/wp\/v2\/users\/6"}],"replies":[{"embeddable":true,"href":"https:\/\/lleidacf.cat\/es\/wp-json\/wp\/v2\/comments?post=6025"}],"version-history":[{"count":0,"href":"https:\/\/lleidacf.cat\/es\/wp-json\/wp\/v2\/posts\/6025\/revisions"}],"wp:featuredmedia":[{"embeddable":true,"href":"https:\/\/lleidacf.cat\/es\/wp-json\/wp\/v2\/media\/6028"}],"wp:attachment":[{"href":"https:\/\/lleidacf.cat\/es\/wp-json\/wp\/v2\/media?parent=6025"}],"wp:term":[{"taxonomy":"category","embeddable":true,"href":"https:\/\/lleidacf.cat\/es\/wp-json\/wp\/v2\/categories?post=6025"},{"taxonomy":"post_tag","embeddable":true,"href":"https:\/\/lleidacf.cat\/es\/wp-json\/wp\/v2\/tags?post=6025"},{"taxonomy":"temporada","embeddable":true,"href":"https:\/\/lleidacf.cat\/es\/wp-json\/wp\/v2\/temporada?post=6025"},{"taxonomy":"club","embeddable":true,"href":"https:\/\/lleidacf.cat\/es\/wp-json\/wp\/v2\/club?post=6025"}],"curies":[{"name":"wp","href":"https:\/\/api.w.org\/{rel}","templated":true}]}}