{"id":6071,"date":"2024-09-12T10:36:39","date_gmt":"2024-09-12T08:36:39","guid":{"rendered":"https:\/\/lleidacf.cat\/?p=6071"},"modified":"2024-09-12T10:36:39","modified_gmt":"2024-09-12T08:36:39","slug":"lluis-sanchez-cantara-al-segon-tardeo-del-lleida-cf","status":"publish","type":"post","link":"https:\/\/lleidacf.cat\/es\/lluis-sanchez-cantara-al-segon-tardeo-del-lleida-cf\/","title":{"rendered":"Llu\u00eds S\u00e1nchez cantar\u00e0 al segon tardeo del Lleida CF"},"content":{"rendered":"<p>Combinar blau, futbol, Lleida i m\u00fasica t\u00e9 un resultat: LLU\u00cdS S\u00c1NCHEZ!!!!<\/p>\n\n\n\n<p>El lleidat\u00e0 cantar\u00e0 a la mitja part del Lleida-Cornell\u00e0 d\u2019aquest dissabte, a la zona de tardeo del Camp d&#8217;Esports! Fan Zone oberta des de les 17.00 hores, pantalla gegant per a veure el partit a partir de les 18.00 i molt, molt ambient per a celebrar el joc!! Superemocionant!!!!!<\/p>\n\n\n\n<p>No et perdis al cantant amb el cor m\u00e9s blau!!!<\/p>\n\n\n\n<p>Gaudirem, ballarem, saltarem i, sobretot, animarem al nostre equip!!!\ud83d\udc99\ud83c\udfb6<\/p>\n\n\n\n<figure class=\"wp-block-image size-large is-resized\"><img fetchpriority=\"high\" decoding=\"async\" width=\"819\" height=\"1024\" src=\"https:\/\/lleidacf.cat\/wp-content\/uploads\/2024\/09\/LLUIS-SANCHEZ-CARTELL-VERTICAL-819x1024.jpeg\" alt=\"\" class=\"wp-image-6073\" style=\"width:967px;height:auto\" srcset=\"https:\/\/lleidacf.cat\/wp-content\/uploads\/2024\/09\/LLUIS-SANCHEZ-CARTELL-VERTICAL-819x1024.jpeg 819w, https:\/\/lleidacf.cat\/wp-content\/uploads\/2024\/09\/LLUIS-SANCHEZ-CARTELL-VERTICAL-240x300.jpeg 240w, https:\/\/lleidacf.cat\/wp-content\/uploads\/2024\/09\/LLUIS-SANCHEZ-CARTELL-VERTICAL-768x960.jpeg 768w, https:\/\/lleidacf.cat\/wp-content\/uploads\/2024\/09\/LLUIS-SANCHEZ-CARTELL-VERTICAL-10x12.jpeg 10w, https:\/\/lleidacf.cat\/wp-content\/uploads\/2024\/09\/LLUIS-SANCHEZ-CARTELL-VERTICAL.jpeg 1080w\" sizes=\"(max-width: 819px) 100vw, 819px\" \/><\/figure>","protected":false},"excerpt":{"rendered":"<p>Combinar blau, futbol, Lleida i m\u00fasica t\u00e9 un resultat: LLU\u00cdS S\u00c1NCHEZ!!!! El lleidat\u00e0 cantar\u00e0 a la mitja part del Lleida-Cornell\u00e0&#8230;<\/p>","protected":false},"author":6,"featured_media":6072,"comment_status":"closed","ping_status":"open","sticky":false,"template":"","format":"standard","meta":{"footnotes":""},"categories":[36],"tags":[],"temporada":[70],"club":[71],"class_list":["post-6071","post","type-post","status-publish","format-standard","has-post-thumbnail","hentry","category-noticies","temporada-2024-2025","club-lleida-cf"],"_links":{"self":[{"href":"https:\/\/lleidacf.cat\/es\/wp-json\/wp\/v2\/posts\/6071","targetHints":{"allow":["GET"]}}],"collection":[{"href":"https:\/\/lleidacf.cat\/es\/wp-json\/wp\/v2\/posts"}],"about":[{"href":"https:\/\/lleidacf.cat\/es\/wp-json\/wp\/v2\/types\/post"}],"author":[{"embeddable":true,"href":"https:\/\/lleidacf.cat\/es\/wp-json\/wp\/v2\/users\/6"}],"replies":[{"embeddable":true,"href":"https:\/\/lleidacf.cat\/es\/wp-json\/wp\/v2\/comments?post=6071"}],"version-history":[{"count":0,"href":"https:\/\/lleidacf.cat\/es\/wp-json\/wp\/v2\/posts\/6071\/revisions"}],"wp:featuredmedia":[{"embeddable":true,"href":"https:\/\/lleidacf.cat\/es\/wp-json\/wp\/v2\/media\/6072"}],"wp:attachment":[{"href":"https:\/\/lleidacf.cat\/es\/wp-json\/wp\/v2\/media?parent=6071"}],"wp:term":[{"taxonomy":"category","embeddable":true,"href":"https:\/\/lleidacf.cat\/es\/wp-json\/wp\/v2\/categories?post=6071"},{"taxonomy":"post_tag","embeddable":true,"href":"https:\/\/lleidacf.cat\/es\/wp-json\/wp\/v2\/tags?post=6071"},{"taxonomy":"temporada","embeddable":true,"href":"https:\/\/lleidacf.cat\/es\/wp-json\/wp\/v2\/temporada?post=6071"},{"taxonomy":"club","embeddable":true,"href":"https:\/\/lleidacf.cat\/es\/wp-json\/wp\/v2\/club?post=6071"}],"curies":[{"name":"wp","href":"https:\/\/api.w.org\/{rel}","templated":true}]}}