{"id":6076,"date":"2024-09-12T13:09:53","date_gmt":"2024-09-12T11:09:53","guid":{"rendered":"https:\/\/lleidacf.cat\/?p=6076"},"modified":"2024-09-12T13:09:53","modified_gmt":"2024-09-12T11:09:53","slug":"renova-abans-del-27-de-setembre-per-mantenir-el-seient","status":"publish","type":"post","link":"https:\/\/lleidacf.cat\/es\/renova-abans-del-27-de-setembre-per-mantenir-el-seient\/","title":{"rendered":"Renova abans del 27 de setembre per mantenir el seient!"},"content":{"rendered":"<p>Afici\u00f3!!<\/p>\n\n\n\n<p>Si encara no heu renovat el vostre abonament per a la temporada 2024-2025 i voleu mantenir el vostre seient ho HEU DE FER ABANS DEL DIVENDRES DIA 27 DE SETEMBRE. De moment us guardarem el n\u00famero d\u2019abonat per\u00f2 no el n\u00famero de la cadira.<\/p>\n\n\n\n<p>Us atendrem a les oficines del Lleida CF de dilluns a divendres, de 10 a 14 hores, i els dimecres tamb\u00e9 a la tarda de les 17 a les 19 hores.<\/p>\n\n\n\n<p>Moltes gr\u00e0cies! M\u00e9s forts. M\u00e9s Lleida. <\/p>\n\n\n\n<figure class=\"wp-block-image size-large is-resized\"><img fetchpriority=\"high\" decoding=\"async\" width=\"819\" height=\"1024\" src=\"https:\/\/lleidacf.cat\/wp-content\/uploads\/2024\/09\/HORARIS-2024-2025-819x1024.jpeg\" alt=\"\" class=\"wp-image-6077\" style=\"width:967px;height:auto\" srcset=\"https:\/\/lleidacf.cat\/wp-content\/uploads\/2024\/09\/HORARIS-2024-2025-819x1024.jpeg 819w, https:\/\/lleidacf.cat\/wp-content\/uploads\/2024\/09\/HORARIS-2024-2025-240x300.jpeg 240w, https:\/\/lleidacf.cat\/wp-content\/uploads\/2024\/09\/HORARIS-2024-2025-768x960.jpeg 768w, https:\/\/lleidacf.cat\/wp-content\/uploads\/2024\/09\/HORARIS-2024-2025-10x12.jpeg 10w, https:\/\/lleidacf.cat\/wp-content\/uploads\/2024\/09\/HORARIS-2024-2025.jpeg 1080w\" sizes=\"(max-width: 819px) 100vw, 819px\" \/><\/figure>","protected":false},"excerpt":{"rendered":"<p>Afici\u00f3!! Si encara no heu renovat el vostre abonament per a la temporada 2024-2025 i voleu mantenir el vostre seient&#8230;<\/p>","protected":false},"author":6,"featured_media":6078,"comment_status":"closed","ping_status":"open","sticky":false,"template":"","format":"standard","meta":{"footnotes":""},"categories":[1],"tags":[],"temporada":[],"club":[],"class_list":["post-6076","post","type-post","status-publish","format-standard","has-post-thumbnail","hentry","category-rsc"],"_links":{"self":[{"href":"https:\/\/lleidacf.cat\/es\/wp-json\/wp\/v2\/posts\/6076","targetHints":{"allow":["GET"]}}],"collection":[{"href":"https:\/\/lleidacf.cat\/es\/wp-json\/wp\/v2\/posts"}],"about":[{"href":"https:\/\/lleidacf.cat\/es\/wp-json\/wp\/v2\/types\/post"}],"author":[{"embeddable":true,"href":"https:\/\/lleidacf.cat\/es\/wp-json\/wp\/v2\/users\/6"}],"replies":[{"embeddable":true,"href":"https:\/\/lleidacf.cat\/es\/wp-json\/wp\/v2\/comments?post=6076"}],"version-history":[{"count":0,"href":"https:\/\/lleidacf.cat\/es\/wp-json\/wp\/v2\/posts\/6076\/revisions"}],"wp:featuredmedia":[{"embeddable":true,"href":"https:\/\/lleidacf.cat\/es\/wp-json\/wp\/v2\/media\/6078"}],"wp:attachment":[{"href":"https:\/\/lleidacf.cat\/es\/wp-json\/wp\/v2\/media?parent=6076"}],"wp:term":[{"taxonomy":"category","embeddable":true,"href":"https:\/\/lleidacf.cat\/es\/wp-json\/wp\/v2\/categories?post=6076"},{"taxonomy":"post_tag","embeddable":true,"href":"https:\/\/lleidacf.cat\/es\/wp-json\/wp\/v2\/tags?post=6076"},{"taxonomy":"temporada","embeddable":true,"href":"https:\/\/lleidacf.cat\/es\/wp-json\/wp\/v2\/temporada?post=6076"},{"taxonomy":"club","embeddable":true,"href":"https:\/\/lleidacf.cat\/es\/wp-json\/wp\/v2\/club?post=6076"}],"curies":[{"name":"wp","href":"https:\/\/api.w.org\/{rel}","templated":true}]}}