{"id":6188,"date":"2024-09-17T10:30:59","date_gmt":"2024-09-17T08:30:59","guid":{"rendered":"https:\/\/lleidacf.cat\/?p=6188"},"modified":"2024-09-17T10:30:59","modified_gmt":"2024-09-17T08:30:59","slug":"cada-dia-mes-i-millors-mes-forts-mes-lleida","status":"publish","type":"post","link":"https:\/\/lleidacf.cat\/es\/cada-dia-mes-i-millors-mes-forts-mes-lleida\/","title":{"rendered":"Cada dia, m\u00e9s i millors: M\u00e9s forts. M\u00e9s Lleida."},"content":{"rendered":"<p>Hem assolit la xifra de 2.500 persones abonades a la temporada 2024-2025 del Lleida CF.<\/p>\n\n\n\n<p>\u00c9s quasi la mateixa quantitat amb la qual vam tancar el curs passat, 2562 abonaments i s&#8217;hi arriba nom\u00e9s encetar la Lliga!!!!<\/p>\n\n\n\n<p>Moltes gr\u00e0cies, afici\u00f3, pel suport a l&#8217;equip i al club. Estem totalment conven\u00e7uts que com m\u00e9s som, m\u00e9s podem sumar en positiu i assolir els reptes. <\/p>\n\n\n\n<p>M\u00e9s forts. M\u00e9s Lleida. <\/p>\n\n\n\n<figure class=\"wp-block-image size-large is-resized\"><img fetchpriority=\"high\" decoding=\"async\" width=\"819\" height=\"1024\" src=\"https:\/\/lleidacf.cat\/wp-content\/uploads\/2024\/09\/2500-VERTICAL-819x1024.jpeg\" alt=\"\" class=\"wp-image-6190\" style=\"width:967px;height:auto\" srcset=\"https:\/\/lleidacf.cat\/wp-content\/uploads\/2024\/09\/2500-VERTICAL-819x1024.jpeg 819w, https:\/\/lleidacf.cat\/wp-content\/uploads\/2024\/09\/2500-VERTICAL-240x300.jpeg 240w, https:\/\/lleidacf.cat\/wp-content\/uploads\/2024\/09\/2500-VERTICAL-768x960.jpeg 768w, https:\/\/lleidacf.cat\/wp-content\/uploads\/2024\/09\/2500-VERTICAL-10x12.jpeg 10w, https:\/\/lleidacf.cat\/wp-content\/uploads\/2024\/09\/2500-VERTICAL.jpeg 1080w\" sizes=\"(max-width: 819px) 100vw, 819px\" \/><\/figure>","protected":false},"excerpt":{"rendered":"<p>Hem assolit la xifra de 2.500 persones abonades a la temporada 2024-2025 del Lleida CF. \u00c9s quasi la mateixa quantitat&#8230;<\/p>","protected":false},"author":6,"featured_media":6189,"comment_status":"closed","ping_status":"open","sticky":false,"template":"","format":"standard","meta":{"footnotes":""},"categories":[36],"tags":[],"temporada":[70],"club":[71],"class_list":["post-6188","post","type-post","status-publish","format-standard","has-post-thumbnail","hentry","category-noticies","temporada-2024-2025","club-lleida-cf"],"_links":{"self":[{"href":"https:\/\/lleidacf.cat\/es\/wp-json\/wp\/v2\/posts\/6188","targetHints":{"allow":["GET"]}}],"collection":[{"href":"https:\/\/lleidacf.cat\/es\/wp-json\/wp\/v2\/posts"}],"about":[{"href":"https:\/\/lleidacf.cat\/es\/wp-json\/wp\/v2\/types\/post"}],"author":[{"embeddable":true,"href":"https:\/\/lleidacf.cat\/es\/wp-json\/wp\/v2\/users\/6"}],"replies":[{"embeddable":true,"href":"https:\/\/lleidacf.cat\/es\/wp-json\/wp\/v2\/comments?post=6188"}],"version-history":[{"count":0,"href":"https:\/\/lleidacf.cat\/es\/wp-json\/wp\/v2\/posts\/6188\/revisions"}],"wp:featuredmedia":[{"embeddable":true,"href":"https:\/\/lleidacf.cat\/es\/wp-json\/wp\/v2\/media\/6189"}],"wp:attachment":[{"href":"https:\/\/lleidacf.cat\/es\/wp-json\/wp\/v2\/media?parent=6188"}],"wp:term":[{"taxonomy":"category","embeddable":true,"href":"https:\/\/lleidacf.cat\/es\/wp-json\/wp\/v2\/categories?post=6188"},{"taxonomy":"post_tag","embeddable":true,"href":"https:\/\/lleidacf.cat\/es\/wp-json\/wp\/v2\/tags?post=6188"},{"taxonomy":"temporada","embeddable":true,"href":"https:\/\/lleidacf.cat\/es\/wp-json\/wp\/v2\/temporada?post=6188"},{"taxonomy":"club","embeddable":true,"href":"https:\/\/lleidacf.cat\/es\/wp-json\/wp\/v2\/club?post=6188"}],"curies":[{"name":"wp","href":"https:\/\/api.w.org\/{rel}","templated":true}]}}