{"id":6192,"date":"2024-09-18T17:44:30","date_gmt":"2024-09-18T15:44:30","guid":{"rendered":"https:\/\/lleidacf.cat\/?p=6192"},"modified":"2024-09-19T12:11:30","modified_gmt":"2024-09-19T10:11:30","slug":"primera-presa-de-contacte-amb-el-conseller-desports-bernardo-alvarez","status":"publish","type":"post","link":"https:\/\/lleidacf.cat\/es\/primera-presa-de-contacte-amb-el-conseller-desports-bernardo-alvarez\/","title":{"rendered":"Primera presa de contacte amb el conseller d\u2019Esports, Bernardo \u00c1lvarez"},"content":{"rendered":"<p>La directora general del Lleida CF, Marta Pereira, ha assistit al dinar col\u00b7loqui que ha reunit a presidents i representants de les diferents entitats esportives de la ciutat de Lleida amb Berni \u00c1lvarez, titular de la recentment creada conselleria d\u2019Esports.<\/p>\n\n\n\n<p>Tots els clubs li han traslladat les inquietuds i necessitats que, a nivell general, es tenen en mat\u00e8ria de noves infraestructures, manteniment i adequaci\u00f3 de les existents, en inversi\u00f3 i pressupostos i en consolidaci\u00f3 de les seves bases.<\/p>\n\n\n\n<p>Acompanyat del seu secretari general i les autoritats locals, l\u2019alcalde F\u00e9lix Larrosa i regidor Jakcson Qui\u00f1\u00f3nez, el m\u00e0xim responsable de la cartera esportiva a Catalunya ha assegurat que es treballar\u00e0 per aconseguir major simplicitat i acompanyament en els processos i per distribuir i augmentar les partides pressupost\u00e0ries a tot el territori. <\/p>\n\n\n\n<p>Els seus objectius s\u00f3n els de fer m\u00e9s f\u00e0cil el dia a dia de tots els clubs, millorant l\u2019agilitat i efici\u00e8ncia en l&#8217;\u00e0mbit administratiu i l\u2019acc\u00e9s a les subvencions a trav\u00e9s d\u2019un pla de xoc estrat\u00e8gic i transversal, per a tota mena d\u2019esport i en totes les categories, amb accent especial pel que fa a l\u2019esport inclusiu i l\u2019esport femen\u00ed.<\/p>\n\n\n\n<figure class=\"wp-block-image size-large\"><img fetchpriority=\"high\" decoding=\"async\" width=\"1024\" height=\"768\" src=\"https:\/\/lleidacf.cat\/wp-content\/uploads\/2024\/09\/WhatsApp-Image-2024-09-18-at-17.40.13-1024x768.jpeg\" alt=\"\" class=\"wp-image-6194\" srcset=\"https:\/\/lleidacf.cat\/wp-content\/uploads\/2024\/09\/WhatsApp-Image-2024-09-18-at-17.40.13-1024x768.jpeg 1024w, https:\/\/lleidacf.cat\/wp-content\/uploads\/2024\/09\/WhatsApp-Image-2024-09-18-at-17.40.13-300x225.jpeg 300w, https:\/\/lleidacf.cat\/wp-content\/uploads\/2024\/09\/WhatsApp-Image-2024-09-18-at-17.40.13-768x576.jpeg 768w, https:\/\/lleidacf.cat\/wp-content\/uploads\/2024\/09\/WhatsApp-Image-2024-09-18-at-17.40.13-1536x1152.jpeg 1536w, https:\/\/lleidacf.cat\/wp-content\/uploads\/2024\/09\/WhatsApp-Image-2024-09-18-at-17.40.13-16x12.jpeg 16w, https:\/\/lleidacf.cat\/wp-content\/uploads\/2024\/09\/WhatsApp-Image-2024-09-18-at-17.40.13.jpeg 1600w\" sizes=\"(max-width: 1024px) 100vw, 1024px\" \/><\/figure>\n\n\n\n<figure class=\"wp-block-image size-large\"><img decoding=\"async\" width=\"1024\" height=\"768\" src=\"https:\/\/lleidacf.cat\/wp-content\/uploads\/2024\/09\/WhatsApp-Image-2024-09-18-at-17.40.13-1-1024x768.jpeg\" alt=\"\" class=\"wp-image-6195\" srcset=\"https:\/\/lleidacf.cat\/wp-content\/uploads\/2024\/09\/WhatsApp-Image-2024-09-18-at-17.40.13-1-1024x768.jpeg 1024w, https:\/\/lleidacf.cat\/wp-content\/uploads\/2024\/09\/WhatsApp-Image-2024-09-18-at-17.40.13-1-300x225.jpeg 300w, https:\/\/lleidacf.cat\/wp-content\/uploads\/2024\/09\/WhatsApp-Image-2024-09-18-at-17.40.13-1-768x576.jpeg 768w, https:\/\/lleidacf.cat\/wp-content\/uploads\/2024\/09\/WhatsApp-Image-2024-09-18-at-17.40.13-1-1536x1152.jpeg 1536w, https:\/\/lleidacf.cat\/wp-content\/uploads\/2024\/09\/WhatsApp-Image-2024-09-18-at-17.40.13-1-16x12.jpeg 16w, https:\/\/lleidacf.cat\/wp-content\/uploads\/2024\/09\/WhatsApp-Image-2024-09-18-at-17.40.13-1.jpeg 1600w\" sizes=\"(max-width: 1024px) 100vw, 1024px\" \/><\/figure>\n\n\n\n<figure class=\"wp-block-image size-large\"><img decoding=\"async\" width=\"1024\" height=\"768\" src=\"https:\/\/lleidacf.cat\/wp-content\/uploads\/2024\/09\/WhatsApp-Image-2024-09-18-at-17.40.13-2-1024x768.jpeg\" alt=\"\" class=\"wp-image-6196\" srcset=\"https:\/\/lleidacf.cat\/wp-content\/uploads\/2024\/09\/WhatsApp-Image-2024-09-18-at-17.40.13-2-1024x768.jpeg 1024w, https:\/\/lleidacf.cat\/wp-content\/uploads\/2024\/09\/WhatsApp-Image-2024-09-18-at-17.40.13-2-300x225.jpeg 300w, https:\/\/lleidacf.cat\/wp-content\/uploads\/2024\/09\/WhatsApp-Image-2024-09-18-at-17.40.13-2-768x576.jpeg 768w, https:\/\/lleidacf.cat\/wp-content\/uploads\/2024\/09\/WhatsApp-Image-2024-09-18-at-17.40.13-2-1536x1152.jpeg 1536w, https:\/\/lleidacf.cat\/wp-content\/uploads\/2024\/09\/WhatsApp-Image-2024-09-18-at-17.40.13-2-16x12.jpeg 16w, https:\/\/lleidacf.cat\/wp-content\/uploads\/2024\/09\/WhatsApp-Image-2024-09-18-at-17.40.13-2.jpeg 1600w\" sizes=\"(max-width: 1024px) 100vw, 1024px\" \/><\/figure>\n\n\n\n<figure class=\"wp-block-image size-large\"><img loading=\"lazy\" decoding=\"async\" width=\"1024\" height=\"768\" src=\"https:\/\/lleidacf.cat\/wp-content\/uploads\/2024\/09\/WhatsApp-Image-2024-09-18-at-17.40.13-3-1024x768.jpeg\" alt=\"\" class=\"wp-image-6197\" srcset=\"https:\/\/lleidacf.cat\/wp-content\/uploads\/2024\/09\/WhatsApp-Image-2024-09-18-at-17.40.13-3-1024x768.jpeg 1024w, https:\/\/lleidacf.cat\/wp-content\/uploads\/2024\/09\/WhatsApp-Image-2024-09-18-at-17.40.13-3-300x225.jpeg 300w, https:\/\/lleidacf.cat\/wp-content\/uploads\/2024\/09\/WhatsApp-Image-2024-09-18-at-17.40.13-3-768x576.jpeg 768w, https:\/\/lleidacf.cat\/wp-content\/uploads\/2024\/09\/WhatsApp-Image-2024-09-18-at-17.40.13-3-1536x1152.jpeg 1536w, https:\/\/lleidacf.cat\/wp-content\/uploads\/2024\/09\/WhatsApp-Image-2024-09-18-at-17.40.13-3-16x12.jpeg 16w, https:\/\/lleidacf.cat\/wp-content\/uploads\/2024\/09\/WhatsApp-Image-2024-09-18-at-17.40.13-3.jpeg 1600w\" sizes=\"(max-width: 1024px) 100vw, 1024px\" \/><\/figure>\n\n\n\n<figure class=\"wp-block-image size-large\"><img loading=\"lazy\" decoding=\"async\" width=\"1024\" height=\"683\" src=\"https:\/\/lleidacf.cat\/wp-content\/uploads\/2024\/09\/@Defoto-Paeria-Lleida-1024x683.jpeg\" alt=\"\" class=\"wp-image-6200\" srcset=\"https:\/\/lleidacf.cat\/wp-content\/uploads\/2024\/09\/@Defoto-Paeria-Lleida-1024x683.jpeg 1024w, https:\/\/lleidacf.cat\/wp-content\/uploads\/2024\/09\/@Defoto-Paeria-Lleida-300x200.jpeg 300w, https:\/\/lleidacf.cat\/wp-content\/uploads\/2024\/09\/@Defoto-Paeria-Lleida-768x512.jpeg 768w, https:\/\/lleidacf.cat\/wp-content\/uploads\/2024\/09\/@Defoto-Paeria-Lleida-18x12.jpeg 18w, https:\/\/lleidacf.cat\/wp-content\/uploads\/2024\/09\/@Defoto-Paeria-Lleida.jpeg 1500w\" sizes=\"(max-width: 1024px) 100vw, 1024px\" \/><\/figure>","protected":false},"excerpt":{"rendered":"<p>La directora general del Lleida CF, Marta Pereira, ha assistit al dinar col\u00b7loqui que ha reunit a presidents i representants&#8230;<\/p>","protected":false},"author":6,"featured_media":6193,"comment_status":"closed","ping_status":"open","sticky":false,"template":"","format":"standard","meta":{"footnotes":""},"categories":[36],"tags":[],"temporada":[70],"club":[71],"class_list":["post-6192","post","type-post","status-publish","format-standard","has-post-thumbnail","hentry","category-noticies","temporada-2024-2025","club-lleida-cf"],"_links":{"self":[{"href":"https:\/\/lleidacf.cat\/es\/wp-json\/wp\/v2\/posts\/6192","targetHints":{"allow":["GET"]}}],"collection":[{"href":"https:\/\/lleidacf.cat\/es\/wp-json\/wp\/v2\/posts"}],"about":[{"href":"https:\/\/lleidacf.cat\/es\/wp-json\/wp\/v2\/types\/post"}],"author":[{"embeddable":true,"href":"https:\/\/lleidacf.cat\/es\/wp-json\/wp\/v2\/users\/6"}],"replies":[{"embeddable":true,"href":"https:\/\/lleidacf.cat\/es\/wp-json\/wp\/v2\/comments?post=6192"}],"version-history":[{"count":0,"href":"https:\/\/lleidacf.cat\/es\/wp-json\/wp\/v2\/posts\/6192\/revisions"}],"wp:featuredmedia":[{"embeddable":true,"href":"https:\/\/lleidacf.cat\/es\/wp-json\/wp\/v2\/media\/6193"}],"wp:attachment":[{"href":"https:\/\/lleidacf.cat\/es\/wp-json\/wp\/v2\/media?parent=6192"}],"wp:term":[{"taxonomy":"category","embeddable":true,"href":"https:\/\/lleidacf.cat\/es\/wp-json\/wp\/v2\/categories?post=6192"},{"taxonomy":"post_tag","embeddable":true,"href":"https:\/\/lleidacf.cat\/es\/wp-json\/wp\/v2\/tags?post=6192"},{"taxonomy":"temporada","embeddable":true,"href":"https:\/\/lleidacf.cat\/es\/wp-json\/wp\/v2\/temporada?post=6192"},{"taxonomy":"club","embeddable":true,"href":"https:\/\/lleidacf.cat\/es\/wp-json\/wp\/v2\/club?post=6192"}],"curies":[{"name":"wp","href":"https:\/\/api.w.org\/{rel}","templated":true}]}}