{"id":6293,"date":"2024-10-21T12:49:43","date_gmt":"2024-10-21T10:49:43","guid":{"rendered":"https:\/\/lleidacf.cat\/?p=6293"},"modified":"2024-10-21T12:49:43","modified_gmt":"2024-10-21T10:49:43","slug":"arribem-a-lespectacular-xifra-de-3-000-blaves-i-blaus","status":"publish","type":"post","link":"https:\/\/lleidacf.cat\/es\/arribem-a-lespectacular-xifra-de-3-000-blaves-i-blaus\/","title":{"rendered":"Arribem a l&#8217;espectacular xifra de 3.000 blaves i blaus!"},"content":{"rendered":"<p>Encetem una setmana d&#8217;alegries: la vict\u00f2ria en el darrer partit i el fet d&#8217;assolir una xifra enorme: ja som 3.000 abonades i abonats. <\/p>\n\n\n\n<p>Una fam\u00edlia blava cada dia m\u00e9s forta i m\u00e9s unida. <\/p>\n\n\n\n<p>Junts caminem en positiu per assolir els reptes que compartim! <\/p>\n\n\n\n<p>Gr\u00e0cies, afici\u00f3!!!<\/p>\n\n\n\n<figure class=\"wp-block-image size-large is-resized\"><img fetchpriority=\"high\" decoding=\"async\" width=\"819\" height=\"1024\" src=\"https:\/\/lleidacf.cat\/wp-content\/uploads\/2024\/10\/WhatsApp-Image-2024-10-21-at-12.38.01-1-819x1024.jpeg\" alt=\"\" class=\"wp-image-6295\" style=\"width:967px;height:auto\" srcset=\"https:\/\/lleidacf.cat\/wp-content\/uploads\/2024\/10\/WhatsApp-Image-2024-10-21-at-12.38.01-1-819x1024.jpeg 819w, https:\/\/lleidacf.cat\/wp-content\/uploads\/2024\/10\/WhatsApp-Image-2024-10-21-at-12.38.01-1-240x300.jpeg 240w, https:\/\/lleidacf.cat\/wp-content\/uploads\/2024\/10\/WhatsApp-Image-2024-10-21-at-12.38.01-1-768x960.jpeg 768w, https:\/\/lleidacf.cat\/wp-content\/uploads\/2024\/10\/WhatsApp-Image-2024-10-21-at-12.38.01-1-10x12.jpeg 10w, https:\/\/lleidacf.cat\/wp-content\/uploads\/2024\/10\/WhatsApp-Image-2024-10-21-at-12.38.01-1.jpeg 1080w\" sizes=\"(max-width: 819px) 100vw, 819px\" \/><\/figure>","protected":false},"excerpt":{"rendered":"<p>Encetem una setmana d&#8217;alegries: la vict\u00f2ria en el darrer partit i el fet d&#8217;assolir una xifra enorme: ja som 3.000&#8230;<\/p>","protected":false},"author":6,"featured_media":6294,"comment_status":"closed","ping_status":"open","sticky":false,"template":"","format":"standard","meta":{"footnotes":""},"categories":[36],"tags":[],"temporada":[70],"club":[71],"class_list":["post-6293","post","type-post","status-publish","format-standard","has-post-thumbnail","hentry","category-noticies","temporada-2024-2025","club-lleida-cf"],"_links":{"self":[{"href":"https:\/\/lleidacf.cat\/es\/wp-json\/wp\/v2\/posts\/6293","targetHints":{"allow":["GET"]}}],"collection":[{"href":"https:\/\/lleidacf.cat\/es\/wp-json\/wp\/v2\/posts"}],"about":[{"href":"https:\/\/lleidacf.cat\/es\/wp-json\/wp\/v2\/types\/post"}],"author":[{"embeddable":true,"href":"https:\/\/lleidacf.cat\/es\/wp-json\/wp\/v2\/users\/6"}],"replies":[{"embeddable":true,"href":"https:\/\/lleidacf.cat\/es\/wp-json\/wp\/v2\/comments?post=6293"}],"version-history":[{"count":0,"href":"https:\/\/lleidacf.cat\/es\/wp-json\/wp\/v2\/posts\/6293\/revisions"}],"wp:featuredmedia":[{"embeddable":true,"href":"https:\/\/lleidacf.cat\/es\/wp-json\/wp\/v2\/media\/6294"}],"wp:attachment":[{"href":"https:\/\/lleidacf.cat\/es\/wp-json\/wp\/v2\/media?parent=6293"}],"wp:term":[{"taxonomy":"category","embeddable":true,"href":"https:\/\/lleidacf.cat\/es\/wp-json\/wp\/v2\/categories?post=6293"},{"taxonomy":"post_tag","embeddable":true,"href":"https:\/\/lleidacf.cat\/es\/wp-json\/wp\/v2\/tags?post=6293"},{"taxonomy":"temporada","embeddable":true,"href":"https:\/\/lleidacf.cat\/es\/wp-json\/wp\/v2\/temporada?post=6293"},{"taxonomy":"club","embeddable":true,"href":"https:\/\/lleidacf.cat\/es\/wp-json\/wp\/v2\/club?post=6293"}],"curies":[{"name":"wp","href":"https:\/\/api.w.org\/{rel}","templated":true}]}}