{"id":6306,"date":"2024-10-28T13:05:55","date_gmt":"2024-10-28T12:05:55","guid":{"rendered":"https:\/\/lleidacf.cat\/?p=6306"},"modified":"2024-10-28T13:05:55","modified_gmt":"2024-10-28T12:05:55","slug":"el-lleida-cf-honora-els-seus-origens","status":"publish","type":"post","link":"https:\/\/lleidacf.cat\/es\/el-lleida-cf-honora-els-seus-origens\/","title":{"rendered":"El Lleida CF honora els seus or\u00edgens"},"content":{"rendered":"<p>Fa 85 anys que el nostre club \u00e9s viu. L\u2019efem\u00e8ride, el 20 d\u2019octubre de 1939, ha estat celebrada pel Lleida CF que ha volgut convidar als descendents- fills i filles, netes i nets, besnets i besnetes- dels primers onze futbolistes que van suar la samarreta de l\u2019equip lleidat\u00e0.<\/p>\n\n\n\n<p>L\u2019emoci\u00f3 ha estat palpable des del primer moment: l\u2019arribada al club, les salutacions i els records, el pas a trav\u00e9s del t\u00fanel per sortir al mig del Camp d\u2019Esports tot trepitjant la gespa en la qual tantes primeres pilotes es van lluitar en nom dels blaus amb el L\u00e9rida Balompi\u00e9, primer, m\u00e9s tard amb la Uni\u00f3 Esportiva Lleida i el Lleida Esportiu fins a arribar, avui dia, a l\u2019actual Lleida CF.<\/p>\n\n\n\n<p>En un acte condu\u00eft pel periodista Oriol Jov\u00e9, els hereus i hereves dels pioners han estat rebuts amb forts aplaudiments de totes les grades. La primera plantilla de totes, la de la temporada 1939-1940, va estar formada per l\u2019entrenador, Manuel L\u00f3pez Andreu, els porters Paun\u00e9, Marg\u00f3 i Gonz\u00e1lez, els defenses Planella, Rod\u00e9s, Anguera, Avelino i Dolcet. Tamb\u00e9 hem recordat als primers migcampistes Roses, Josep Vendrell \u2018El tanc\u2019, Aguilar, Aldom\u00e0, Roca, Sol\u00e9, Calafell, Mateu, Mart\u00edn, Asm\u00f3n i Tol\u00f3 i als davanters Pirla -que va ser l&#8217;autor del primer gol-, Rubi\u00f3, Bonet, Baiget, Manonelles, Codina, Ros, Bademunt, Albareda, Molins i Vidal, el m\u00e0xim golejador.<\/p>\n\n\n\n<p>Tots ells i totes i tots nosaltres estem fent possible aquesta gran hist\u00f2ria de futbol. <\/p>\n\n\n\n<p>Moltes gr\u00e0cies blaves i blaus i VISCA EL LLEIDA!<\/p>\n\n\n\n<p>M\u00e9s forts. M\u00e9s Lleida.<\/p>\n\n\n\n<figure class=\"wp-block-image size-large\"><img fetchpriority=\"high\" decoding=\"async\" width=\"1024\" height=\"683\" src=\"https:\/\/lleidacf.cat\/wp-content\/uploads\/2024\/10\/BY-JORDI_ECHE_20-1024x683.jpg\" alt=\"\" class=\"wp-image-6308\" srcset=\"https:\/\/lleidacf.cat\/wp-content\/uploads\/2024\/10\/BY-JORDI_ECHE_20-1024x683.jpg 1024w, https:\/\/lleidacf.cat\/wp-content\/uploads\/2024\/10\/BY-JORDI_ECHE_20-300x200.jpg 300w, https:\/\/lleidacf.cat\/wp-content\/uploads\/2024\/10\/BY-JORDI_ECHE_20-768x512.jpg 768w, https:\/\/lleidacf.cat\/wp-content\/uploads\/2024\/10\/BY-JORDI_ECHE_20-18x12.jpg 18w, https:\/\/lleidacf.cat\/wp-content\/uploads\/2024\/10\/BY-JORDI_ECHE_20.jpg 1200w\" sizes=\"(max-width: 1024px) 100vw, 1024px\" \/><\/figure>\n\n\n\n<figure class=\"wp-block-gallery has-nested-images columns-default is-cropped wp-block-gallery-1 is-layout-flex wp-block-gallery-is-layout-flex\">\n<figure class=\"wp-block-image size-large\"><img decoding=\"async\" width=\"1024\" height=\"683\" data-id=\"6309\" src=\"https:\/\/lleidacf.cat\/wp-content\/uploads\/2024\/10\/BY-JORDI_ECHE_23-1024x683.jpg\" alt=\"\" class=\"wp-image-6309\" srcset=\"https:\/\/lleidacf.cat\/wp-content\/uploads\/2024\/10\/BY-JORDI_ECHE_23-1024x683.jpg 1024w, https:\/\/lleidacf.cat\/wp-content\/uploads\/2024\/10\/BY-JORDI_ECHE_23-300x200.jpg 300w, https:\/\/lleidacf.cat\/wp-content\/uploads\/2024\/10\/BY-JORDI_ECHE_23-768x512.jpg 768w, https:\/\/lleidacf.cat\/wp-content\/uploads\/2024\/10\/BY-JORDI_ECHE_23-18x12.jpg 18w, https:\/\/lleidacf.cat\/wp-content\/uploads\/2024\/10\/BY-JORDI_ECHE_23.jpg 1200w\" sizes=\"(max-width: 1024px) 100vw, 1024px\" \/><\/figure>\n\n\n\n<figure class=\"wp-block-image size-large\"><img decoding=\"async\" width=\"1024\" height=\"683\" data-id=\"6312\" src=\"https:\/\/lleidacf.cat\/wp-content\/uploads\/2024\/10\/BY-JORDI_ECHE_24-1024x683.jpg\" alt=\"\" class=\"wp-image-6312\" srcset=\"https:\/\/lleidacf.cat\/wp-content\/uploads\/2024\/10\/BY-JORDI_ECHE_24-1024x683.jpg 1024w, https:\/\/lleidacf.cat\/wp-content\/uploads\/2024\/10\/BY-JORDI_ECHE_24-300x200.jpg 300w, https:\/\/lleidacf.cat\/wp-content\/uploads\/2024\/10\/BY-JORDI_ECHE_24-768x512.jpg 768w, https:\/\/lleidacf.cat\/wp-content\/uploads\/2024\/10\/BY-JORDI_ECHE_24-18x12.jpg 18w, https:\/\/lleidacf.cat\/wp-content\/uploads\/2024\/10\/BY-JORDI_ECHE_24.jpg 1200w\" sizes=\"(max-width: 1024px) 100vw, 1024px\" \/><\/figure>\n\n\n\n<figure class=\"wp-block-image size-large\"><img loading=\"lazy\" decoding=\"async\" width=\"1024\" height=\"683\" data-id=\"6310\" src=\"https:\/\/lleidacf.cat\/wp-content\/uploads\/2024\/10\/BY-JORDI_ECHE_21-1024x683.jpg\" alt=\"\" class=\"wp-image-6310\" srcset=\"https:\/\/lleidacf.cat\/wp-content\/uploads\/2024\/10\/BY-JORDI_ECHE_21-1024x683.jpg 1024w, https:\/\/lleidacf.cat\/wp-content\/uploads\/2024\/10\/BY-JORDI_ECHE_21-300x200.jpg 300w, https:\/\/lleidacf.cat\/wp-content\/uploads\/2024\/10\/BY-JORDI_ECHE_21-768x512.jpg 768w, https:\/\/lleidacf.cat\/wp-content\/uploads\/2024\/10\/BY-JORDI_ECHE_21-18x12.jpg 18w, https:\/\/lleidacf.cat\/wp-content\/uploads\/2024\/10\/BY-JORDI_ECHE_21.jpg 1200w\" sizes=\"(max-width: 1024px) 100vw, 1024px\" \/><\/figure>\n\n\n\n<figure class=\"wp-block-image size-large\"><img loading=\"lazy\" decoding=\"async\" width=\"1024\" height=\"683\" data-id=\"6311\" src=\"https:\/\/lleidacf.cat\/wp-content\/uploads\/2024\/10\/BY-JORDI_ECHE_22-1024x683.jpg\" alt=\"\" class=\"wp-image-6311\" srcset=\"https:\/\/lleidacf.cat\/wp-content\/uploads\/2024\/10\/BY-JORDI_ECHE_22-1024x683.jpg 1024w, https:\/\/lleidacf.cat\/wp-content\/uploads\/2024\/10\/BY-JORDI_ECHE_22-300x200.jpg 300w, https:\/\/lleidacf.cat\/wp-content\/uploads\/2024\/10\/BY-JORDI_ECHE_22-768x512.jpg 768w, https:\/\/lleidacf.cat\/wp-content\/uploads\/2024\/10\/BY-JORDI_ECHE_22-18x12.jpg 18w, https:\/\/lleidacf.cat\/wp-content\/uploads\/2024\/10\/BY-JORDI_ECHE_22.jpg 1200w\" sizes=\"(max-width: 1024px) 100vw, 1024px\" \/><\/figure>\n<\/figure>\n\n\n\n<figure class=\"wp-block-image size-large\"><img loading=\"lazy\" decoding=\"async\" width=\"1024\" height=\"683\" src=\"https:\/\/lleidacf.cat\/wp-content\/uploads\/2024\/10\/BY-JORDI_ECHE_27-1024x683.jpg\" alt=\"\" class=\"wp-image-6314\" srcset=\"https:\/\/lleidacf.cat\/wp-content\/uploads\/2024\/10\/BY-JORDI_ECHE_27-1024x683.jpg 1024w, https:\/\/lleidacf.cat\/wp-content\/uploads\/2024\/10\/BY-JORDI_ECHE_27-300x200.jpg 300w, https:\/\/lleidacf.cat\/wp-content\/uploads\/2024\/10\/BY-JORDI_ECHE_27-768x512.jpg 768w, https:\/\/lleidacf.cat\/wp-content\/uploads\/2024\/10\/BY-JORDI_ECHE_27-18x12.jpg 18w, https:\/\/lleidacf.cat\/wp-content\/uploads\/2024\/10\/BY-JORDI_ECHE_27.jpg 1200w\" sizes=\"(max-width: 1024px) 100vw, 1024px\" \/><\/figure>\n\n\n\n<figure class=\"wp-block-image size-large\"><img loading=\"lazy\" decoding=\"async\" width=\"1024\" height=\"683\" src=\"https:\/\/lleidacf.cat\/wp-content\/uploads\/2024\/10\/BY-JORDI_ECHE_32-1-1024x683.jpg\" alt=\"\" class=\"wp-image-6319\" srcset=\"https:\/\/lleidacf.cat\/wp-content\/uploads\/2024\/10\/BY-JORDI_ECHE_32-1-1024x683.jpg 1024w, https:\/\/lleidacf.cat\/wp-content\/uploads\/2024\/10\/BY-JORDI_ECHE_32-1-300x200.jpg 300w, https:\/\/lleidacf.cat\/wp-content\/uploads\/2024\/10\/BY-JORDI_ECHE_32-1-768x512.jpg 768w, https:\/\/lleidacf.cat\/wp-content\/uploads\/2024\/10\/BY-JORDI_ECHE_32-1-18x12.jpg 18w, https:\/\/lleidacf.cat\/wp-content\/uploads\/2024\/10\/BY-JORDI_ECHE_32-1.jpg 1200w\" sizes=\"(max-width: 1024px) 100vw, 1024px\" \/><\/figure>\n\n\n\n<figure class=\"wp-block-image size-large\"><img loading=\"lazy\" decoding=\"async\" width=\"1024\" height=\"683\" src=\"https:\/\/lleidacf.cat\/wp-content\/uploads\/2024\/10\/BY-JORDI_ECHE_30-1024x683.jpg\" alt=\"\" class=\"wp-image-6315\" srcset=\"https:\/\/lleidacf.cat\/wp-content\/uploads\/2024\/10\/BY-JORDI_ECHE_30-1024x683.jpg 1024w, https:\/\/lleidacf.cat\/wp-content\/uploads\/2024\/10\/BY-JORDI_ECHE_30-300x200.jpg 300w, https:\/\/lleidacf.cat\/wp-content\/uploads\/2024\/10\/BY-JORDI_ECHE_30-768x512.jpg 768w, https:\/\/lleidacf.cat\/wp-content\/uploads\/2024\/10\/BY-JORDI_ECHE_30-18x12.jpg 18w, https:\/\/lleidacf.cat\/wp-content\/uploads\/2024\/10\/BY-JORDI_ECHE_30.jpg 1200w\" sizes=\"(max-width: 1024px) 100vw, 1024px\" \/><\/figure>\n\n\n\n<figure class=\"wp-block-image size-large\"><img loading=\"lazy\" decoding=\"async\" width=\"1024\" height=\"683\" src=\"https:\/\/lleidacf.cat\/wp-content\/uploads\/2024\/10\/BY-JORDI_ECHE_28-1024x683.jpg\" alt=\"\" class=\"wp-image-6316\" srcset=\"https:\/\/lleidacf.cat\/wp-content\/uploads\/2024\/10\/BY-JORDI_ECHE_28-1024x683.jpg 1024w, https:\/\/lleidacf.cat\/wp-content\/uploads\/2024\/10\/BY-JORDI_ECHE_28-300x200.jpg 300w, https:\/\/lleidacf.cat\/wp-content\/uploads\/2024\/10\/BY-JORDI_ECHE_28-768x512.jpg 768w, https:\/\/lleidacf.cat\/wp-content\/uploads\/2024\/10\/BY-JORDI_ECHE_28-18x12.jpg 18w, https:\/\/lleidacf.cat\/wp-content\/uploads\/2024\/10\/BY-JORDI_ECHE_28.jpg 1200w\" sizes=\"(max-width: 1024px) 100vw, 1024px\" \/><\/figure>\n\n\n\n<figure class=\"wp-block-image size-large\"><img loading=\"lazy\" decoding=\"async\" width=\"1024\" height=\"683\" src=\"https:\/\/lleidacf.cat\/wp-content\/uploads\/2024\/10\/BY-JORDI_ECHE_31-1024x683.jpg\" alt=\"\" class=\"wp-image-6318\" srcset=\"https:\/\/lleidacf.cat\/wp-content\/uploads\/2024\/10\/BY-JORDI_ECHE_31-1024x683.jpg 1024w, https:\/\/lleidacf.cat\/wp-content\/uploads\/2024\/10\/BY-JORDI_ECHE_31-300x200.jpg 300w, https:\/\/lleidacf.cat\/wp-content\/uploads\/2024\/10\/BY-JORDI_ECHE_31-768x512.jpg 768w, https:\/\/lleidacf.cat\/wp-content\/uploads\/2024\/10\/BY-JORDI_ECHE_31-18x12.jpg 18w, https:\/\/lleidacf.cat\/wp-content\/uploads\/2024\/10\/BY-JORDI_ECHE_31.jpg 1200w\" sizes=\"(max-width: 1024px) 100vw, 1024px\" \/><\/figure>\n\n\n\n<figure class=\"wp-block-image size-large\"><img loading=\"lazy\" decoding=\"async\" width=\"1024\" height=\"683\" src=\"https:\/\/lleidacf.cat\/wp-content\/uploads\/2024\/10\/BY-JORDI_ECHE_33-1024x683.jpg\" alt=\"\" class=\"wp-image-6321\" srcset=\"https:\/\/lleidacf.cat\/wp-content\/uploads\/2024\/10\/BY-JORDI_ECHE_33-1024x683.jpg 1024w, https:\/\/lleidacf.cat\/wp-content\/uploads\/2024\/10\/BY-JORDI_ECHE_33-300x200.jpg 300w, https:\/\/lleidacf.cat\/wp-content\/uploads\/2024\/10\/BY-JORDI_ECHE_33-768x512.jpg 768w, https:\/\/lleidacf.cat\/wp-content\/uploads\/2024\/10\/BY-JORDI_ECHE_33-18x12.jpg 18w, https:\/\/lleidacf.cat\/wp-content\/uploads\/2024\/10\/BY-JORDI_ECHE_33.jpg 1200w\" sizes=\"(max-width: 1024px) 100vw, 1024px\" \/><\/figure>\n\n\n\n<figure class=\"wp-block-image size-large\"><img loading=\"lazy\" decoding=\"async\" width=\"1024\" height=\"683\" src=\"https:\/\/lleidacf.cat\/wp-content\/uploads\/2024\/10\/BY-JORDI_ECHE_34-1-1024x683.jpg\" alt=\"\" class=\"wp-image-6322\" srcset=\"https:\/\/lleidacf.cat\/wp-content\/uploads\/2024\/10\/BY-JORDI_ECHE_34-1-1024x683.jpg 1024w, https:\/\/lleidacf.cat\/wp-content\/uploads\/2024\/10\/BY-JORDI_ECHE_34-1-300x200.jpg 300w, https:\/\/lleidacf.cat\/wp-content\/uploads\/2024\/10\/BY-JORDI_ECHE_34-1-768x512.jpg 768w, https:\/\/lleidacf.cat\/wp-content\/uploads\/2024\/10\/BY-JORDI_ECHE_34-1-18x12.jpg 18w, https:\/\/lleidacf.cat\/wp-content\/uploads\/2024\/10\/BY-JORDI_ECHE_34-1.jpg 1200w\" sizes=\"(max-width: 1024px) 100vw, 1024px\" \/><\/figure>\n\n\n\n<p><\/p>","protected":false},"excerpt":{"rendered":"<p>Fa 85 anys que el nostre club \u00e9s viu. L\u2019efem\u00e8ride, el 20 d\u2019octubre de 1939, ha estat celebrada pel Lleida&#8230;<\/p>","protected":false},"author":6,"featured_media":6307,"comment_status":"closed","ping_status":"open","sticky":false,"template":"","format":"standard","meta":{"footnotes":""},"categories":[36],"tags":[],"temporada":[70],"club":[71],"class_list":["post-6306","post","type-post","status-publish","format-standard","has-post-thumbnail","hentry","category-noticies","temporada-2024-2025","club-lleida-cf"],"_links":{"self":[{"href":"https:\/\/lleidacf.cat\/es\/wp-json\/wp\/v2\/posts\/6306","targetHints":{"allow":["GET"]}}],"collection":[{"href":"https:\/\/lleidacf.cat\/es\/wp-json\/wp\/v2\/posts"}],"about":[{"href":"https:\/\/lleidacf.cat\/es\/wp-json\/wp\/v2\/types\/post"}],"author":[{"embeddable":true,"href":"https:\/\/lleidacf.cat\/es\/wp-json\/wp\/v2\/users\/6"}],"replies":[{"embeddable":true,"href":"https:\/\/lleidacf.cat\/es\/wp-json\/wp\/v2\/comments?post=6306"}],"version-history":[{"count":0,"href":"https:\/\/lleidacf.cat\/es\/wp-json\/wp\/v2\/posts\/6306\/revisions"}],"wp:featuredmedia":[{"embeddable":true,"href":"https:\/\/lleidacf.cat\/es\/wp-json\/wp\/v2\/media\/6307"}],"wp:attachment":[{"href":"https:\/\/lleidacf.cat\/es\/wp-json\/wp\/v2\/media?parent=6306"}],"wp:term":[{"taxonomy":"category","embeddable":true,"href":"https:\/\/lleidacf.cat\/es\/wp-json\/wp\/v2\/categories?post=6306"},{"taxonomy":"post_tag","embeddable":true,"href":"https:\/\/lleidacf.cat\/es\/wp-json\/wp\/v2\/tags?post=6306"},{"taxonomy":"temporada","embeddable":true,"href":"https:\/\/lleidacf.cat\/es\/wp-json\/wp\/v2\/temporada?post=6306"},{"taxonomy":"club","embeddable":true,"href":"https:\/\/lleidacf.cat\/es\/wp-json\/wp\/v2\/club?post=6306"}],"curies":[{"name":"wp","href":"https:\/\/api.w.org\/{rel}","templated":true}]}}