{"id":6329,"date":"2024-11-04T11:25:29","date_gmt":"2024-11-04T10:25:29","guid":{"rendered":"https:\/\/lleidacf.cat\/?p=6329"},"modified":"2024-11-04T12:49:18","modified_gmt":"2024-11-04T11:49:18","slug":"solidaritat-blava-ara-amb-els-afectats-per-la-dana","status":"publish","type":"post","link":"https:\/\/lleidacf.cat\/es\/solidaritat-blava-ara-amb-els-afectats-per-la-dana\/","title":{"rendered":"Solidaritat blava, ara amb els afectats per la DANA"},"content":{"rendered":"<p>L\u2019afici\u00f3 del Lleida CF ha tornat a demostrar el seu comprom\u00eds amb les causes solid\u00e0ries en respondre a la crida d\u2019urg\u00e8ncia que el club blau ha fet, juntament amb OVELLES NEGRES SOLID\u00c0RIES i POSTUREIG DE LLEIDA, per a recollir material d\u2019ajuda per a tota la gent afectada pels devastadors efectes de la dana que ha provocat centenars de v\u00edctimes mortals i de persones desaparegudes a m\u00e9s d\u2019incalculables i greus destrosses als carrers de ciutats i pobles de les terres valencianes.<\/p>\n\n\n\n<p>Lleidatanes i lleidatans s\u2019han atansat, tot i ser festiu, a les oficines del club, com a altres punts de recollida, per tal de dipositar tot all\u00f2 que les organitzacions han estat demanant, \u00a0tot el que m\u00e9s falta fa per a fer front al desastre: mantes, productes i eines de neteja i per a treure el fang, oli, aigua, llaunes, bolquers i alimentaci\u00f3 per a nadons.<\/p>\n\n\n\n<p>El vest\u00edbul del club ha quedat petit per encabir tot all\u00f2 que l\u2019afici\u00f3 ha anat aportant i que ha estat recompensat i agra\u00eft amb una entrada per al pr\u00f2xim partit al Camp d\u2019Esports: el Lleida CF-Pe\u00f1a Deportiva que es jugar\u00e0 diumenge 10 de novembre a les 12 del migdia.<\/p>\n\n\n\n<p>Tot el material recollit, als diferents punts d&#8217;entrega arreu de la ciutat i del territori, ha aconseguit omplir 7 furgonetes d&#8217;OVELLES NEGRES SOLID\u00c0RIES que els seus voluntaris i volunt\u00e0ries han traslladat cap a les localitats m\u00e9s afectades de la zona de Val\u00e8ncia. <\/p>\n\n\n\n<p>Gr\u00e0cies a tothom que ho heu fet possible! Gr\u00e0cies Ovelles Negres Solid\u00e0ries, gr\u00e0cies Postureig de Lleida!!! <\/p>\n\n\n\n<p>Orgull blau, orgull de ciutat!!<\/p>\n\n\n\n<p>(Fotografies: Lleida CF i Postureig de Lleida) <\/p>\n\n\n\n<figure class=\"wp-block-image size-large\"><img fetchpriority=\"high\" decoding=\"async\" width=\"1024\" height=\"965\" src=\"https:\/\/lleidacf.cat\/wp-content\/uploads\/2024\/11\/WhatsApp-Image-2024-11-04-at-10.37.19-1024x965.jpeg\" alt=\"\" class=\"wp-image-6330\" srcset=\"https:\/\/lleidacf.cat\/wp-content\/uploads\/2024\/11\/WhatsApp-Image-2024-11-04-at-10.37.19-1024x965.jpeg 1024w, https:\/\/lleidacf.cat\/wp-content\/uploads\/2024\/11\/WhatsApp-Image-2024-11-04-at-10.37.19-300x283.jpeg 300w, https:\/\/lleidacf.cat\/wp-content\/uploads\/2024\/11\/WhatsApp-Image-2024-11-04-at-10.37.19-768x724.jpeg 768w, https:\/\/lleidacf.cat\/wp-content\/uploads\/2024\/11\/WhatsApp-Image-2024-11-04-at-10.37.19-13x12.jpeg 13w, https:\/\/lleidacf.cat\/wp-content\/uploads\/2024\/11\/WhatsApp-Image-2024-11-04-at-10.37.19.jpeg 1500w\" sizes=\"(max-width: 1024px) 100vw, 1024px\" \/><\/figure>\n\n\n\n<figure class=\"wp-block-image size-large\"><img decoding=\"async\" width=\"1024\" height=\"461\" src=\"https:\/\/lleidacf.cat\/wp-content\/uploads\/2024\/11\/WhatsApp-Image-2024-11-04-at-10.29.53-1-1024x461.jpeg\" alt=\"\" class=\"wp-image-6333\" srcset=\"https:\/\/lleidacf.cat\/wp-content\/uploads\/2024\/11\/WhatsApp-Image-2024-11-04-at-10.29.53-1-1024x461.jpeg 1024w, https:\/\/lleidacf.cat\/wp-content\/uploads\/2024\/11\/WhatsApp-Image-2024-11-04-at-10.29.53-1-300x135.jpeg 300w, https:\/\/lleidacf.cat\/wp-content\/uploads\/2024\/11\/WhatsApp-Image-2024-11-04-at-10.29.53-1-768x346.jpeg 768w, https:\/\/lleidacf.cat\/wp-content\/uploads\/2024\/11\/WhatsApp-Image-2024-11-04-at-10.29.53-1-1536x691.jpeg 1536w, https:\/\/lleidacf.cat\/wp-content\/uploads\/2024\/11\/WhatsApp-Image-2024-11-04-at-10.29.53-1-18x8.jpeg 18w, https:\/\/lleidacf.cat\/wp-content\/uploads\/2024\/11\/WhatsApp-Image-2024-11-04-at-10.29.53-1.jpeg 2000w\" sizes=\"(max-width: 1024px) 100vw, 1024px\" \/><\/figure>\n\n\n\n<figure class=\"wp-block-image size-large\"><img decoding=\"async\" width=\"1024\" height=\"461\" src=\"https:\/\/lleidacf.cat\/wp-content\/uploads\/2024\/11\/WhatsApp-Image-2024-11-04-at-10.29.54-1024x461.jpeg\" alt=\"\" class=\"wp-image-6331\" srcset=\"https:\/\/lleidacf.cat\/wp-content\/uploads\/2024\/11\/WhatsApp-Image-2024-11-04-at-10.29.54-1024x461.jpeg 1024w, https:\/\/lleidacf.cat\/wp-content\/uploads\/2024\/11\/WhatsApp-Image-2024-11-04-at-10.29.54-300x135.jpeg 300w, https:\/\/lleidacf.cat\/wp-content\/uploads\/2024\/11\/WhatsApp-Image-2024-11-04-at-10.29.54-768x346.jpeg 768w, https:\/\/lleidacf.cat\/wp-content\/uploads\/2024\/11\/WhatsApp-Image-2024-11-04-at-10.29.54-1536x691.jpeg 1536w, https:\/\/lleidacf.cat\/wp-content\/uploads\/2024\/11\/WhatsApp-Image-2024-11-04-at-10.29.54-18x8.jpeg 18w, https:\/\/lleidacf.cat\/wp-content\/uploads\/2024\/11\/WhatsApp-Image-2024-11-04-at-10.29.54.jpeg 2000w\" sizes=\"(max-width: 1024px) 100vw, 1024px\" \/><\/figure>\n\n\n\n<figure class=\"wp-block-image size-large\"><img loading=\"lazy\" decoding=\"async\" width=\"1024\" height=\"576\" src=\"https:\/\/lleidacf.cat\/wp-content\/uploads\/2024\/11\/WhatsApp-Image-2024-11-04-at-10.29.53-1024x576.jpeg\" alt=\"\" class=\"wp-image-6332\" srcset=\"https:\/\/lleidacf.cat\/wp-content\/uploads\/2024\/11\/WhatsApp-Image-2024-11-04-at-10.29.53-1024x576.jpeg 1024w, https:\/\/lleidacf.cat\/wp-content\/uploads\/2024\/11\/WhatsApp-Image-2024-11-04-at-10.29.53-300x169.jpeg 300w, https:\/\/lleidacf.cat\/wp-content\/uploads\/2024\/11\/WhatsApp-Image-2024-11-04-at-10.29.53-768x432.jpeg 768w, https:\/\/lleidacf.cat\/wp-content\/uploads\/2024\/11\/WhatsApp-Image-2024-11-04-at-10.29.53-1536x864.jpeg 1536w, https:\/\/lleidacf.cat\/wp-content\/uploads\/2024\/11\/WhatsApp-Image-2024-11-04-at-10.29.53-18x10.jpeg 18w, https:\/\/lleidacf.cat\/wp-content\/uploads\/2024\/11\/WhatsApp-Image-2024-11-04-at-10.29.53.jpeg 2016w\" sizes=\"(max-width: 1024px) 100vw, 1024px\" \/><\/figure>\n\n\n\n<figure class=\"wp-block-gallery has-nested-images columns-default is-cropped wp-block-gallery-1 is-layout-flex wp-block-gallery-is-layout-flex\">\n<figure class=\"wp-block-image size-large\"><img loading=\"lazy\" decoding=\"async\" width=\"1000\" height=\"999\" data-id=\"6336\" src=\"https:\/\/lleidacf.cat\/wp-content\/uploads\/2024\/11\/POSTUREIG-INSTAGRAM.jpeg\" alt=\"\" class=\"wp-image-6336\" srcset=\"https:\/\/lleidacf.cat\/wp-content\/uploads\/2024\/11\/POSTUREIG-INSTAGRAM.jpeg 1000w, https:\/\/lleidacf.cat\/wp-content\/uploads\/2024\/11\/POSTUREIG-INSTAGRAM-300x300.jpeg 300w, https:\/\/lleidacf.cat\/wp-content\/uploads\/2024\/11\/POSTUREIG-INSTAGRAM-150x150.jpeg 150w, https:\/\/lleidacf.cat\/wp-content\/uploads\/2024\/11\/POSTUREIG-INSTAGRAM-768x767.jpeg 768w, https:\/\/lleidacf.cat\/wp-content\/uploads\/2024\/11\/POSTUREIG-INSTAGRAM-12x12.jpeg 12w\" sizes=\"(max-width: 1000px) 100vw, 1000px\" \/><\/figure>\n\n\n\n<figure class=\"wp-block-image size-large\"><img loading=\"lazy\" decoding=\"async\" width=\"160\" height=\"160\" data-id=\"6335\" src=\"https:\/\/lleidacf.cat\/wp-content\/uploads\/2024\/11\/OVELLES-NEGRES-SOLIDARIES-1.jpeg\" alt=\"\" class=\"wp-image-6335\" srcset=\"https:\/\/lleidacf.cat\/wp-content\/uploads\/2024\/11\/OVELLES-NEGRES-SOLIDARIES-1.jpeg 160w, https:\/\/lleidacf.cat\/wp-content\/uploads\/2024\/11\/OVELLES-NEGRES-SOLIDARIES-1-150x150.jpeg 150w, https:\/\/lleidacf.cat\/wp-content\/uploads\/2024\/11\/OVELLES-NEGRES-SOLIDARIES-1-12x12.jpeg 12w\" sizes=\"(max-width: 160px) 100vw, 160px\" \/><\/figure>\n<\/figure>\n\n\n\n<figure class=\"wp-block-image size-large is-resized\"><img loading=\"lazy\" decoding=\"async\" width=\"819\" height=\"1024\" src=\"https:\/\/lleidacf.cat\/wp-content\/uploads\/2024\/11\/CONDOL-AFECTATS-DANA-819x1024.jpg\" alt=\"\" class=\"wp-image-6337\" style=\"width:967px;height:auto\" srcset=\"https:\/\/lleidacf.cat\/wp-content\/uploads\/2024\/11\/CONDOL-AFECTATS-DANA-819x1024.jpg 819w, https:\/\/lleidacf.cat\/wp-content\/uploads\/2024\/11\/CONDOL-AFECTATS-DANA-240x300.jpg 240w, https:\/\/lleidacf.cat\/wp-content\/uploads\/2024\/11\/CONDOL-AFECTATS-DANA-768x960.jpg 768w, https:\/\/lleidacf.cat\/wp-content\/uploads\/2024\/11\/CONDOL-AFECTATS-DANA-10x12.jpg 10w, https:\/\/lleidacf.cat\/wp-content\/uploads\/2024\/11\/CONDOL-AFECTATS-DANA.jpg 1080w\" sizes=\"(max-width: 819px) 100vw, 819px\" \/><\/figure>","protected":false},"excerpt":{"rendered":"<p>L\u2019afici\u00f3 del Lleida CF ha tornat a demostrar el seu comprom\u00eds amb les causes solid\u00e0ries en respondre a la crida&#8230;<\/p>","protected":false},"author":6,"featured_media":6339,"comment_status":"closed","ping_status":"open","sticky":false,"template":"","format":"standard","meta":{"footnotes":""},"categories":[36,1],"tags":[],"temporada":[70],"club":[71],"class_list":["post-6329","post","type-post","status-publish","format-standard","has-post-thumbnail","hentry","category-noticies","category-rsc","temporada-2024-2025","club-lleida-cf"],"_links":{"self":[{"href":"https:\/\/lleidacf.cat\/es\/wp-json\/wp\/v2\/posts\/6329","targetHints":{"allow":["GET"]}}],"collection":[{"href":"https:\/\/lleidacf.cat\/es\/wp-json\/wp\/v2\/posts"}],"about":[{"href":"https:\/\/lleidacf.cat\/es\/wp-json\/wp\/v2\/types\/post"}],"author":[{"embeddable":true,"href":"https:\/\/lleidacf.cat\/es\/wp-json\/wp\/v2\/users\/6"}],"replies":[{"embeddable":true,"href":"https:\/\/lleidacf.cat\/es\/wp-json\/wp\/v2\/comments?post=6329"}],"version-history":[{"count":0,"href":"https:\/\/lleidacf.cat\/es\/wp-json\/wp\/v2\/posts\/6329\/revisions"}],"wp:featuredmedia":[{"embeddable":true,"href":"https:\/\/lleidacf.cat\/es\/wp-json\/wp\/v2\/media\/6339"}],"wp:attachment":[{"href":"https:\/\/lleidacf.cat\/es\/wp-json\/wp\/v2\/media?parent=6329"}],"wp:term":[{"taxonomy":"category","embeddable":true,"href":"https:\/\/lleidacf.cat\/es\/wp-json\/wp\/v2\/categories?post=6329"},{"taxonomy":"post_tag","embeddable":true,"href":"https:\/\/lleidacf.cat\/es\/wp-json\/wp\/v2\/tags?post=6329"},{"taxonomy":"temporada","embeddable":true,"href":"https:\/\/lleidacf.cat\/es\/wp-json\/wp\/v2\/temporada?post=6329"},{"taxonomy":"club","embeddable":true,"href":"https:\/\/lleidacf.cat\/es\/wp-json\/wp\/v2\/club?post=6329"}],"curies":[{"name":"wp","href":"https:\/\/api.w.org\/{rel}","templated":true}]}}