{"id":6346,"date":"2024-11-12T10:35:12","date_gmt":"2024-11-12T09:35:12","guid":{"rendered":"https:\/\/lleidacf.cat\/?p=6346"},"modified":"2024-11-14T14:13:19","modified_gmt":"2024-11-14T13:13:19","slug":"compartim-amb-les-supercampiones-un-diumenge-dexits","status":"publish","type":"post","link":"https:\/\/lleidacf.cat\/es\/compartim-amb-les-supercampiones-un-diumenge-dexits\/","title":{"rendered":"Compartim amb les Supercampiones un diumenge d&#8217;\u00e8xit"},"content":{"rendered":"<p>Les jugadores del Club Pat\u00ed Vila-sana han visitat de nou el Camp d&#8217;Esports per a compartir amb la fam\u00edlia  blava una altra de les seves gestes, en aquesta ocasi\u00f3: la Supercopa d&#8217;Espanya, el primer t\u00edtol de la seva hist\u00f2ria en v\u00e8ncer al Palau de Plegamans en la tanda de penals.<\/p>\n\n\n\n<p>Les campiones, acompanyades del president Ramon Porta i del cos t\u00e8cnic, han estat aplaudides a la gespa de l&#8217;estadi del Lleida CF i tothom ha celebrat i felicitat aquest nou triomf de les del Pla d&#8217;Urgell que despr\u00e9s han gaudit,  des de la Llotja, de la vict\u00f2ria dels Blaus contra la Pe\u00f1a Deportiva en un diumenge en qu\u00e8 al Lleida CF ho hem aconseguit tot: 3 gols, porteria zero, la quarta vict\u00f2ria consecutiva i fer moooolt feli\u00e7 a tota l&#8217;afici\u00f3!!!<\/p>\n\n\n\n<p>Gr\u00e0cies, Supercampiones; tenim la certesa que podrem continuar celebrant els vostres i els nostres \u00e8xits!!<\/p>\n\n\n\n<p>Felicitacions!!!<\/p>\n\n\n\n<figure class=\"wp-block-gallery has-nested-images columns-default is-cropped wp-block-gallery-1 is-layout-flex wp-block-gallery-is-layout-flex\">\n<figure class=\"wp-block-image size-large\"><img fetchpriority=\"high\" decoding=\"async\" width=\"1024\" height=\"683\" data-id=\"6349\" src=\"https:\/\/lleidacf.cat\/wp-content\/uploads\/2024\/11\/BY-JORDI_ECHE_44-1024x683.jpg\" alt=\"\" class=\"wp-image-6349\" srcset=\"https:\/\/lleidacf.cat\/wp-content\/uploads\/2024\/11\/BY-JORDI_ECHE_44-1024x683.jpg 1024w, https:\/\/lleidacf.cat\/wp-content\/uploads\/2024\/11\/BY-JORDI_ECHE_44-300x200.jpg 300w, https:\/\/lleidacf.cat\/wp-content\/uploads\/2024\/11\/BY-JORDI_ECHE_44-768x512.jpg 768w, https:\/\/lleidacf.cat\/wp-content\/uploads\/2024\/11\/BY-JORDI_ECHE_44-18x12.jpg 18w, https:\/\/lleidacf.cat\/wp-content\/uploads\/2024\/11\/BY-JORDI_ECHE_44.jpg 1200w\" sizes=\"(max-width: 1024px) 100vw, 1024px\" \/><\/figure>\n\n\n\n<figure class=\"wp-block-image size-large\"><img decoding=\"async\" width=\"1024\" height=\"683\" data-id=\"6350\" src=\"https:\/\/lleidacf.cat\/wp-content\/uploads\/2024\/11\/BY-JORDI_ECHE_42-1024x683.jpg\" alt=\"\" class=\"wp-image-6350\" srcset=\"https:\/\/lleidacf.cat\/wp-content\/uploads\/2024\/11\/BY-JORDI_ECHE_42-1024x683.jpg 1024w, https:\/\/lleidacf.cat\/wp-content\/uploads\/2024\/11\/BY-JORDI_ECHE_42-300x200.jpg 300w, https:\/\/lleidacf.cat\/wp-content\/uploads\/2024\/11\/BY-JORDI_ECHE_42-768x512.jpg 768w, https:\/\/lleidacf.cat\/wp-content\/uploads\/2024\/11\/BY-JORDI_ECHE_42-18x12.jpg 18w, https:\/\/lleidacf.cat\/wp-content\/uploads\/2024\/11\/BY-JORDI_ECHE_42.jpg 1200w\" sizes=\"(max-width: 1024px) 100vw, 1024px\" \/><\/figure>\n\n\n\n<figure class=\"wp-block-image size-large\"><img decoding=\"async\" width=\"1024\" height=\"683\" data-id=\"6351\" src=\"https:\/\/lleidacf.cat\/wp-content\/uploads\/2024\/11\/BY-JORDI_ECHE_43-1024x683.jpg\" alt=\"\" class=\"wp-image-6351\" srcset=\"https:\/\/lleidacf.cat\/wp-content\/uploads\/2024\/11\/BY-JORDI_ECHE_43-1024x683.jpg 1024w, https:\/\/lleidacf.cat\/wp-content\/uploads\/2024\/11\/BY-JORDI_ECHE_43-300x200.jpg 300w, https:\/\/lleidacf.cat\/wp-content\/uploads\/2024\/11\/BY-JORDI_ECHE_43-768x512.jpg 768w, https:\/\/lleidacf.cat\/wp-content\/uploads\/2024\/11\/BY-JORDI_ECHE_43-18x12.jpg 18w, https:\/\/lleidacf.cat\/wp-content\/uploads\/2024\/11\/BY-JORDI_ECHE_43.jpg 1200w\" sizes=\"(max-width: 1024px) 100vw, 1024px\" \/><\/figure>\n<\/figure>\n\n\n\n<figure class=\"wp-block-image size-large\"><img loading=\"lazy\" decoding=\"async\" width=\"1024\" height=\"683\" src=\"https:\/\/lleidacf.cat\/wp-content\/uploads\/2024\/11\/BY-JORDI_ECHE_45-1024x683.jpg\" alt=\"\" class=\"wp-image-6352\" srcset=\"https:\/\/lleidacf.cat\/wp-content\/uploads\/2024\/11\/BY-JORDI_ECHE_45-1024x683.jpg 1024w, https:\/\/lleidacf.cat\/wp-content\/uploads\/2024\/11\/BY-JORDI_ECHE_45-300x200.jpg 300w, https:\/\/lleidacf.cat\/wp-content\/uploads\/2024\/11\/BY-JORDI_ECHE_45-768x512.jpg 768w, https:\/\/lleidacf.cat\/wp-content\/uploads\/2024\/11\/BY-JORDI_ECHE_45-18x12.jpg 18w, https:\/\/lleidacf.cat\/wp-content\/uploads\/2024\/11\/BY-JORDI_ECHE_45.jpg 1200w\" sizes=\"(max-width: 1024px) 100vw, 1024px\" \/><\/figure>\n\n\n\n<figure class=\"wp-block-image size-large\"><img loading=\"lazy\" decoding=\"async\" width=\"1024\" height=\"683\" src=\"https:\/\/lleidacf.cat\/wp-content\/uploads\/2024\/11\/BY-JORDI_ECHE_46-1024x683.jpg\" alt=\"\" class=\"wp-image-6353\" srcset=\"https:\/\/lleidacf.cat\/wp-content\/uploads\/2024\/11\/BY-JORDI_ECHE_46-1024x683.jpg 1024w, https:\/\/lleidacf.cat\/wp-content\/uploads\/2024\/11\/BY-JORDI_ECHE_46-300x200.jpg 300w, https:\/\/lleidacf.cat\/wp-content\/uploads\/2024\/11\/BY-JORDI_ECHE_46-768x512.jpg 768w, https:\/\/lleidacf.cat\/wp-content\/uploads\/2024\/11\/BY-JORDI_ECHE_46-18x12.jpg 18w, https:\/\/lleidacf.cat\/wp-content\/uploads\/2024\/11\/BY-JORDI_ECHE_46.jpg 1200w\" sizes=\"(max-width: 1024px) 100vw, 1024px\" \/><\/figure>\n\n\n\n<figure class=\"wp-block-image size-large\"><img loading=\"lazy\" decoding=\"async\" width=\"1024\" height=\"683\" src=\"https:\/\/lleidacf.cat\/wp-content\/uploads\/2024\/11\/BY-JORDI_ECHE_49-1024x683.jpg\" alt=\"\" class=\"wp-image-6354\" srcset=\"https:\/\/lleidacf.cat\/wp-content\/uploads\/2024\/11\/BY-JORDI_ECHE_49-1024x683.jpg 1024w, https:\/\/lleidacf.cat\/wp-content\/uploads\/2024\/11\/BY-JORDI_ECHE_49-300x200.jpg 300w, https:\/\/lleidacf.cat\/wp-content\/uploads\/2024\/11\/BY-JORDI_ECHE_49-768x512.jpg 768w, https:\/\/lleidacf.cat\/wp-content\/uploads\/2024\/11\/BY-JORDI_ECHE_49-18x12.jpg 18w, https:\/\/lleidacf.cat\/wp-content\/uploads\/2024\/11\/BY-JORDI_ECHE_49.jpg 1200w\" sizes=\"(max-width: 1024px) 100vw, 1024px\" \/><\/figure>\n\n\n\n<figure class=\"wp-block-image size-large\"><img loading=\"lazy\" decoding=\"async\" width=\"1024\" height=\"683\" src=\"https:\/\/lleidacf.cat\/wp-content\/uploads\/2024\/11\/BY-JORDI_ECHE_48-1024x683.jpg\" alt=\"\" class=\"wp-image-6355\" srcset=\"https:\/\/lleidacf.cat\/wp-content\/uploads\/2024\/11\/BY-JORDI_ECHE_48-1024x683.jpg 1024w, https:\/\/lleidacf.cat\/wp-content\/uploads\/2024\/11\/BY-JORDI_ECHE_48-300x200.jpg 300w, https:\/\/lleidacf.cat\/wp-content\/uploads\/2024\/11\/BY-JORDI_ECHE_48-768x512.jpg 768w, https:\/\/lleidacf.cat\/wp-content\/uploads\/2024\/11\/BY-JORDI_ECHE_48-18x12.jpg 18w, https:\/\/lleidacf.cat\/wp-content\/uploads\/2024\/11\/BY-JORDI_ECHE_48.jpg 1200w\" sizes=\"(max-width: 1024px) 100vw, 1024px\" \/><\/figure>\n\n\n\n<figure class=\"wp-block-image size-large\"><img loading=\"lazy\" decoding=\"async\" width=\"1024\" height=\"683\" src=\"https:\/\/lleidacf.cat\/wp-content\/uploads\/2024\/11\/BY-JORDI_ECHE_97-1024x683.jpg\" alt=\"\" class=\"wp-image-6357\" srcset=\"https:\/\/lleidacf.cat\/wp-content\/uploads\/2024\/11\/BY-JORDI_ECHE_97-1024x683.jpg 1024w, https:\/\/lleidacf.cat\/wp-content\/uploads\/2024\/11\/BY-JORDI_ECHE_97-300x200.jpg 300w, https:\/\/lleidacf.cat\/wp-content\/uploads\/2024\/11\/BY-JORDI_ECHE_97-768x512.jpg 768w, https:\/\/lleidacf.cat\/wp-content\/uploads\/2024\/11\/BY-JORDI_ECHE_97-18x12.jpg 18w, https:\/\/lleidacf.cat\/wp-content\/uploads\/2024\/11\/BY-JORDI_ECHE_97.jpg 1200w\" sizes=\"(max-width: 1024px) 100vw, 1024px\" \/><\/figure>\n\n\n\n<p><\/p>","protected":false},"excerpt":{"rendered":"<p>Les jugadores del Club Pat\u00ed Vila-sana han visitat de nou el Camp d&#8217;Esports per a compartir amb la fam\u00edlia blava&#8230;<\/p>","protected":false},"author":6,"featured_media":6348,"comment_status":"closed","ping_status":"open","sticky":false,"template":"","format":"standard","meta":{"footnotes":""},"categories":[36],"tags":[],"temporada":[70],"club":[71],"class_list":["post-6346","post","type-post","status-publish","format-standard","has-post-thumbnail","hentry","category-noticies","temporada-2024-2025","club-lleida-cf"],"_links":{"self":[{"href":"https:\/\/lleidacf.cat\/es\/wp-json\/wp\/v2\/posts\/6346","targetHints":{"allow":["GET"]}}],"collection":[{"href":"https:\/\/lleidacf.cat\/es\/wp-json\/wp\/v2\/posts"}],"about":[{"href":"https:\/\/lleidacf.cat\/es\/wp-json\/wp\/v2\/types\/post"}],"author":[{"embeddable":true,"href":"https:\/\/lleidacf.cat\/es\/wp-json\/wp\/v2\/users\/6"}],"replies":[{"embeddable":true,"href":"https:\/\/lleidacf.cat\/es\/wp-json\/wp\/v2\/comments?post=6346"}],"version-history":[{"count":0,"href":"https:\/\/lleidacf.cat\/es\/wp-json\/wp\/v2\/posts\/6346\/revisions"}],"wp:featuredmedia":[{"embeddable":true,"href":"https:\/\/lleidacf.cat\/es\/wp-json\/wp\/v2\/media\/6348"}],"wp:attachment":[{"href":"https:\/\/lleidacf.cat\/es\/wp-json\/wp\/v2\/media?parent=6346"}],"wp:term":[{"taxonomy":"category","embeddable":true,"href":"https:\/\/lleidacf.cat\/es\/wp-json\/wp\/v2\/categories?post=6346"},{"taxonomy":"post_tag","embeddable":true,"href":"https:\/\/lleidacf.cat\/es\/wp-json\/wp\/v2\/tags?post=6346"},{"taxonomy":"temporada","embeddable":true,"href":"https:\/\/lleidacf.cat\/es\/wp-json\/wp\/v2\/temporada?post=6346"},{"taxonomy":"club","embeddable":true,"href":"https:\/\/lleidacf.cat\/es\/wp-json\/wp\/v2\/club?post=6346"}],"curies":[{"name":"wp","href":"https:\/\/api.w.org\/{rel}","templated":true}]}}