{"id":6364,"date":"2024-11-14T12:52:14","date_gmt":"2024-11-14T11:52:14","guid":{"rendered":"https:\/\/lleidacf.cat\/?p=6364"},"modified":"2024-11-14T12:54:14","modified_gmt":"2024-11-14T11:54:14","slug":"partits-del-lleida-cf-tambe-a-televisio-de-catalunya","status":"publish","type":"post","link":"https:\/\/lleidacf.cat\/es\/partits-del-lleida-cf-tambe-a-televisio-de-catalunya\/","title":{"rendered":"Partits del Lleida CF, tamb\u00e9 a Televisi\u00f3 de Catalunya"},"content":{"rendered":"<p>Els partits del Lleida CF amb altres equips catalans de la 2a RFEF es podran veure per primera vegada, en directe, a la televisi\u00f3 catalana. Ser\u00e0  Ser\u00e0 gr\u00e0cies a l&#8217;acord, signat amb la FCF, que suposa un acc\u00e9s universal i gratu\u00eft per a donar gran visibilitat a la categoria, a trav\u00e9s de la plataforma 3Cat i del canal Esport3.<\/p>\n\n\n\n<p>Aix\u00ed, s&#8217;oferiran un total de 23 partits dels diferents equips catalans de la Segona Federaci\u00f3 masculina: del Lleida CF, UE Sant Andreu, UE Cornell\u00e0, CF Badalona Futur, CE Sabadell FC, Terrassa FC, RCD Espanyol de Barcelona B i CE Europa.<\/p>\n\n\n\n<p>La directora general del Lleida CF, Marta Pereira, ha assistit a les instal.lacions de TV3 a la signatura de l&#8217;acord entre el president de la Federaci\u00f3 Catalana de Futbol, Joan Soteras, i els directius de TV3 i Catalunya R\u00e0dio, Sigfrid Gras i Jordi Borda.  <\/p>\n\n\n\n<figure class=\"wp-block-image size-large is-resized\"><img fetchpriority=\"high\" decoding=\"async\" width=\"768\" height=\"1024\" src=\"https:\/\/lleidacf.cat\/wp-content\/uploads\/2024\/11\/Lleida-CF-768x1024.jpeg\" alt=\"\" class=\"wp-image-6366\" style=\"width:967px;height:auto\" srcset=\"https:\/\/lleidacf.cat\/wp-content\/uploads\/2024\/11\/Lleida-CF-768x1024.jpeg 768w, https:\/\/lleidacf.cat\/wp-content\/uploads\/2024\/11\/Lleida-CF-225x300.jpeg 225w, https:\/\/lleidacf.cat\/wp-content\/uploads\/2024\/11\/Lleida-CF-1152x1536.jpeg 1152w, https:\/\/lleidacf.cat\/wp-content\/uploads\/2024\/11\/Lleida-CF-9x12.jpeg 9w, https:\/\/lleidacf.cat\/wp-content\/uploads\/2024\/11\/Lleida-CF.jpeg 1200w\" sizes=\"(max-width: 768px) 100vw, 768px\" \/><\/figure>\n\n\n\n<figure class=\"wp-block-image size-large\"><img decoding=\"async\" width=\"1024\" height=\"666\" src=\"https:\/\/lleidacf.cat\/wp-content\/uploads\/2024\/11\/FCF-1024x666.jpeg\" alt=\"\" class=\"wp-image-6367\" srcset=\"https:\/\/lleidacf.cat\/wp-content\/uploads\/2024\/11\/FCF-1024x666.jpeg 1024w, https:\/\/lleidacf.cat\/wp-content\/uploads\/2024\/11\/FCF-300x195.jpeg 300w, https:\/\/lleidacf.cat\/wp-content\/uploads\/2024\/11\/FCF-768x500.jpeg 768w, https:\/\/lleidacf.cat\/wp-content\/uploads\/2024\/11\/FCF-1536x999.jpeg 1536w, https:\/\/lleidacf.cat\/wp-content\/uploads\/2024\/11\/FCF-18x12.jpeg 18w, https:\/\/lleidacf.cat\/wp-content\/uploads\/2024\/11\/FCF.jpeg 1600w\" sizes=\"(max-width: 1024px) 100vw, 1024px\" \/><\/figure>\n\n\n\n<figure class=\"wp-block-embed is-type-video is-provider-youtube wp-block-embed-youtube wp-embed-aspect-16-9 wp-has-aspect-ratio\"><div class=\"wp-block-embed__wrapper\">\n<iframe title=\"Televisi\u00f3 de Catalunya i els equips catalans de 2\u00aa Federaci\u00f3 arriben a un acord mitjan\u00e7ant l&#039;FCF\" width=\"500\" height=\"281\" src=\"https:\/\/www.youtube.com\/embed\/FlkwfCBDVEc?feature=oembed\" frameborder=\"0\" allow=\"accelerometer; autoplay; clipboard-write; encrypted-media; gyroscope; picture-in-picture; web-share\" referrerpolicy=\"strict-origin-when-cross-origin\" allowfullscreen><\/iframe>\n<\/div><\/figure>\n\n\n\n<p>Fotos i v\u00eddeo: Federaci\u00f3 Catalana de Futbol<\/p>\n\n\n\n<p><\/p>","protected":false},"excerpt":{"rendered":"<p>Els partits del Lleida CF amb altres equips catalans de la 2a RFEF es podran veure per primera vegada, en&#8230;<\/p>","protected":false},"author":6,"featured_media":6365,"comment_status":"closed","ping_status":"open","sticky":false,"template":"","format":"standard","meta":{"footnotes":""},"categories":[36],"tags":[],"temporada":[70],"club":[71],"class_list":["post-6364","post","type-post","status-publish","format-standard","has-post-thumbnail","hentry","category-noticies","temporada-2024-2025","club-lleida-cf"],"_links":{"self":[{"href":"https:\/\/lleidacf.cat\/es\/wp-json\/wp\/v2\/posts\/6364","targetHints":{"allow":["GET"]}}],"collection":[{"href":"https:\/\/lleidacf.cat\/es\/wp-json\/wp\/v2\/posts"}],"about":[{"href":"https:\/\/lleidacf.cat\/es\/wp-json\/wp\/v2\/types\/post"}],"author":[{"embeddable":true,"href":"https:\/\/lleidacf.cat\/es\/wp-json\/wp\/v2\/users\/6"}],"replies":[{"embeddable":true,"href":"https:\/\/lleidacf.cat\/es\/wp-json\/wp\/v2\/comments?post=6364"}],"version-history":[{"count":0,"href":"https:\/\/lleidacf.cat\/es\/wp-json\/wp\/v2\/posts\/6364\/revisions"}],"wp:featuredmedia":[{"embeddable":true,"href":"https:\/\/lleidacf.cat\/es\/wp-json\/wp\/v2\/media\/6365"}],"wp:attachment":[{"href":"https:\/\/lleidacf.cat\/es\/wp-json\/wp\/v2\/media?parent=6364"}],"wp:term":[{"taxonomy":"category","embeddable":true,"href":"https:\/\/lleidacf.cat\/es\/wp-json\/wp\/v2\/categories?post=6364"},{"taxonomy":"post_tag","embeddable":true,"href":"https:\/\/lleidacf.cat\/es\/wp-json\/wp\/v2\/tags?post=6364"},{"taxonomy":"temporada","embeddable":true,"href":"https:\/\/lleidacf.cat\/es\/wp-json\/wp\/v2\/temporada?post=6364"},{"taxonomy":"club","embeddable":true,"href":"https:\/\/lleidacf.cat\/es\/wp-json\/wp\/v2\/club?post=6364"}],"curies":[{"name":"wp","href":"https:\/\/api.w.org\/{rel}","templated":true}]}}