{"id":6404,"date":"2024-11-19T10:58:11","date_gmt":"2024-11-19T09:58:11","guid":{"rendered":"https:\/\/lleidacf.cat\/?p=6404"},"modified":"2024-11-19T10:58:11","modified_gmt":"2024-11-19T09:58:11","slug":"oficialitzem-la-collaboracio-amb-la-fecoll","status":"publish","type":"post","link":"https:\/\/lleidacf.cat\/es\/oficialitzem-la-collaboracio-amb-la-fecoll\/","title":{"rendered":"Oficialitzem la col\u00b7laboraci\u00f3 amb la FECOLL"},"content":{"rendered":"<p>El Lleida CF i la Federaci\u00f3 de Colles de l\u2019Aplec del Caragol han formalitzat la seva bona relaci\u00f3 i el treball conjunt que s\u2019ha estat fent fins ara, com el fet de compartir una de les dues mascotes que hi ha al nostre estadi: la Regineta, la companya del Marraquet.<\/p>\n\n\n\n<p>Ara, amb la signatura d\u2019un nou acord entre la directora general del club, Marta Pereira, i el president de la FECOLL, Ferran Perdix, la col\u00b7laboraci\u00f3 ser\u00e0 encara m\u00e9s estreta i habitual amb ofertes especials al camp per als 15.000 membres de les penyes de la Federaci\u00f3, la pres\u00e8ncia de les dues marques en les promocions que totes dues entitats facin tant de manera individual com conjunta.<\/p>\n\n\n\n<p>Benvinguda sempre la gent de l\u2019Aplec del Caragol al Camp d\u2019Esports!!!<\/p>\n\n\n\n<figure class=\"wp-block-image size-large\"><img fetchpriority=\"high\" decoding=\"async\" width=\"1024\" height=\"810\" src=\"https:\/\/lleidacf.cat\/wp-content\/uploads\/2024\/11\/WhatsApp-Image-2024-11-19-at-10.15.52-2-1024x810.jpeg\" alt=\"\" class=\"wp-image-6408\" srcset=\"https:\/\/lleidacf.cat\/wp-content\/uploads\/2024\/11\/WhatsApp-Image-2024-11-19-at-10.15.52-2-1024x810.jpeg 1024w, https:\/\/lleidacf.cat\/wp-content\/uploads\/2024\/11\/WhatsApp-Image-2024-11-19-at-10.15.52-2-300x237.jpeg 300w, https:\/\/lleidacf.cat\/wp-content\/uploads\/2024\/11\/WhatsApp-Image-2024-11-19-at-10.15.52-2-768x608.jpeg 768w, https:\/\/lleidacf.cat\/wp-content\/uploads\/2024\/11\/WhatsApp-Image-2024-11-19-at-10.15.52-2-1536x1215.jpeg 1536w, https:\/\/lleidacf.cat\/wp-content\/uploads\/2024\/11\/WhatsApp-Image-2024-11-19-at-10.15.52-2-15x12.jpeg 15w, https:\/\/lleidacf.cat\/wp-content\/uploads\/2024\/11\/WhatsApp-Image-2024-11-19-at-10.15.52-2.jpeg 1600w\" sizes=\"(max-width: 1024px) 100vw, 1024px\" \/><\/figure>\n\n\n\n<figure class=\"wp-block-image size-large\"><img decoding=\"async\" width=\"1024\" height=\"953\" src=\"https:\/\/lleidacf.cat\/wp-content\/uploads\/2024\/11\/WhatsApp-Image-2024-11-19-at-10.15.52-1-1024x953.jpeg\" alt=\"\" class=\"wp-image-6407\" srcset=\"https:\/\/lleidacf.cat\/wp-content\/uploads\/2024\/11\/WhatsApp-Image-2024-11-19-at-10.15.52-1-1024x953.jpeg 1024w, https:\/\/lleidacf.cat\/wp-content\/uploads\/2024\/11\/WhatsApp-Image-2024-11-19-at-10.15.52-1-300x279.jpeg 300w, https:\/\/lleidacf.cat\/wp-content\/uploads\/2024\/11\/WhatsApp-Image-2024-11-19-at-10.15.52-1-768x715.jpeg 768w, https:\/\/lleidacf.cat\/wp-content\/uploads\/2024\/11\/WhatsApp-Image-2024-11-19-at-10.15.52-1-1536x1429.jpeg 1536w, https:\/\/lleidacf.cat\/wp-content\/uploads\/2024\/11\/WhatsApp-Image-2024-11-19-at-10.15.52-1-13x12.jpeg 13w, https:\/\/lleidacf.cat\/wp-content\/uploads\/2024\/11\/WhatsApp-Image-2024-11-19-at-10.15.52-1.jpeg 1600w\" sizes=\"(max-width: 1024px) 100vw, 1024px\" \/><\/figure>\n\n\n\n<figure class=\"wp-block-image size-large\"><img decoding=\"async\" width=\"1024\" height=\"948\" src=\"https:\/\/lleidacf.cat\/wp-content\/uploads\/2024\/11\/WhatsApp-Image-2024-11-19-at-10.17.08-1024x948.jpeg\" alt=\"\" class=\"wp-image-6409\" srcset=\"https:\/\/lleidacf.cat\/wp-content\/uploads\/2024\/11\/WhatsApp-Image-2024-11-19-at-10.17.08-1024x948.jpeg 1024w, https:\/\/lleidacf.cat\/wp-content\/uploads\/2024\/11\/WhatsApp-Image-2024-11-19-at-10.17.08-300x278.jpeg 300w, https:\/\/lleidacf.cat\/wp-content\/uploads\/2024\/11\/WhatsApp-Image-2024-11-19-at-10.17.08-768x711.jpeg 768w, https:\/\/lleidacf.cat\/wp-content\/uploads\/2024\/11\/WhatsApp-Image-2024-11-19-at-10.17.08-1536x1423.jpeg 1536w, https:\/\/lleidacf.cat\/wp-content\/uploads\/2024\/11\/WhatsApp-Image-2024-11-19-at-10.17.08-13x12.jpeg 13w, https:\/\/lleidacf.cat\/wp-content\/uploads\/2024\/11\/WhatsApp-Image-2024-11-19-at-10.17.08.jpeg 1600w\" sizes=\"(max-width: 1024px) 100vw, 1024px\" \/><\/figure>","protected":false},"excerpt":{"rendered":"<p>El Lleida CF i la Federaci\u00f3 de Colles de l\u2019Aplec del Caragol han formalitzat la seva bona relaci\u00f3 i el&#8230;<\/p>","protected":false},"author":6,"featured_media":6406,"comment_status":"closed","ping_status":"open","sticky":false,"template":"","format":"standard","meta":{"footnotes":""},"categories":[36],"tags":[],"temporada":[70],"club":[71],"class_list":["post-6404","post","type-post","status-publish","format-standard","has-post-thumbnail","hentry","category-noticies","temporada-2024-2025","club-lleida-cf"],"_links":{"self":[{"href":"https:\/\/lleidacf.cat\/es\/wp-json\/wp\/v2\/posts\/6404","targetHints":{"allow":["GET"]}}],"collection":[{"href":"https:\/\/lleidacf.cat\/es\/wp-json\/wp\/v2\/posts"}],"about":[{"href":"https:\/\/lleidacf.cat\/es\/wp-json\/wp\/v2\/types\/post"}],"author":[{"embeddable":true,"href":"https:\/\/lleidacf.cat\/es\/wp-json\/wp\/v2\/users\/6"}],"replies":[{"embeddable":true,"href":"https:\/\/lleidacf.cat\/es\/wp-json\/wp\/v2\/comments?post=6404"}],"version-history":[{"count":0,"href":"https:\/\/lleidacf.cat\/es\/wp-json\/wp\/v2\/posts\/6404\/revisions"}],"wp:featuredmedia":[{"embeddable":true,"href":"https:\/\/lleidacf.cat\/es\/wp-json\/wp\/v2\/media\/6406"}],"wp:attachment":[{"href":"https:\/\/lleidacf.cat\/es\/wp-json\/wp\/v2\/media?parent=6404"}],"wp:term":[{"taxonomy":"category","embeddable":true,"href":"https:\/\/lleidacf.cat\/es\/wp-json\/wp\/v2\/categories?post=6404"},{"taxonomy":"post_tag","embeddable":true,"href":"https:\/\/lleidacf.cat\/es\/wp-json\/wp\/v2\/tags?post=6404"},{"taxonomy":"temporada","embeddable":true,"href":"https:\/\/lleidacf.cat\/es\/wp-json\/wp\/v2\/temporada?post=6404"},{"taxonomy":"club","embeddable":true,"href":"https:\/\/lleidacf.cat\/es\/wp-json\/wp\/v2\/club?post=6404"}],"curies":[{"name":"wp","href":"https:\/\/api.w.org\/{rel}","templated":true}]}}