{"id":6522,"date":"2024-11-07T12:09:34","date_gmt":"2024-11-07T11:09:34","guid":{"rendered":"https:\/\/lleidacf.cat\/?p=6522"},"modified":"2024-12-10T12:13:57","modified_gmt":"2024-12-10T11:13:57","slug":"roda-de-bara-nou-rival-de-copa-catalunya","status":"publish","type":"post","link":"https:\/\/lleidacf.cat\/es\/roda-de-bara-nou-rival-de-copa-catalunya\/","title":{"rendered":"Roda de Bar\u00e0, nou rival de Copa Catalunya"},"content":{"rendered":"<p>Ja tenim rival a la propera eliminat\u00f2ria, la sisena ronda, de la Copa Catalunya: el CA Roda de Bar\u00e0. <\/p>\n\n\n\n<p>El partit es jugar\u00e0 el 27 de novembre al camp dels tarragonins. <\/p>\n\n\n\n<p>M\u00e9s forts. M\u00e9s Lleida. M\u00e9s Copa. <\/p>\n\n\n\n<figure class=\"wp-block-image size-large is-resized\"><img fetchpriority=\"high\" decoding=\"async\" width=\"819\" height=\"1024\" src=\"https:\/\/lleidacf.cat\/wp-content\/uploads\/2024\/12\/WhatsApp-Image-2024-12-10-at-12.07.44-819x1024.jpeg\" alt=\"\" class=\"wp-image-6524\" style=\"width:967px;height:auto\" srcset=\"https:\/\/lleidacf.cat\/wp-content\/uploads\/2024\/12\/WhatsApp-Image-2024-12-10-at-12.07.44-819x1024.jpeg 819w, https:\/\/lleidacf.cat\/wp-content\/uploads\/2024\/12\/WhatsApp-Image-2024-12-10-at-12.07.44-240x300.jpeg 240w, https:\/\/lleidacf.cat\/wp-content\/uploads\/2024\/12\/WhatsApp-Image-2024-12-10-at-12.07.44-768x960.jpeg 768w, https:\/\/lleidacf.cat\/wp-content\/uploads\/2024\/12\/WhatsApp-Image-2024-12-10-at-12.07.44-10x12.jpeg 10w, https:\/\/lleidacf.cat\/wp-content\/uploads\/2024\/12\/WhatsApp-Image-2024-12-10-at-12.07.44.jpeg 1080w\" sizes=\"(max-width: 819px) 100vw, 819px\" \/><\/figure>","protected":false},"excerpt":{"rendered":"<p>Ja tenim rival a la propera eliminat\u00f2ria, la sisena ronda, de la Copa Catalunya: el CA Roda de Bar\u00e0. El&#8230;<\/p>","protected":false},"author":6,"featured_media":6523,"comment_status":"closed","ping_status":"open","sticky":false,"template":"","format":"standard","meta":{"footnotes":""},"categories":[36],"tags":[],"temporada":[70],"club":[71],"class_list":["post-6522","post","type-post","status-publish","format-standard","has-post-thumbnail","hentry","category-noticies","temporada-2024-2025","club-lleida-cf"],"_links":{"self":[{"href":"https:\/\/lleidacf.cat\/es\/wp-json\/wp\/v2\/posts\/6522","targetHints":{"allow":["GET"]}}],"collection":[{"href":"https:\/\/lleidacf.cat\/es\/wp-json\/wp\/v2\/posts"}],"about":[{"href":"https:\/\/lleidacf.cat\/es\/wp-json\/wp\/v2\/types\/post"}],"author":[{"embeddable":true,"href":"https:\/\/lleidacf.cat\/es\/wp-json\/wp\/v2\/users\/6"}],"replies":[{"embeddable":true,"href":"https:\/\/lleidacf.cat\/es\/wp-json\/wp\/v2\/comments?post=6522"}],"version-history":[{"count":0,"href":"https:\/\/lleidacf.cat\/es\/wp-json\/wp\/v2\/posts\/6522\/revisions"}],"wp:featuredmedia":[{"embeddable":true,"href":"https:\/\/lleidacf.cat\/es\/wp-json\/wp\/v2\/media\/6523"}],"wp:attachment":[{"href":"https:\/\/lleidacf.cat\/es\/wp-json\/wp\/v2\/media?parent=6522"}],"wp:term":[{"taxonomy":"category","embeddable":true,"href":"https:\/\/lleidacf.cat\/es\/wp-json\/wp\/v2\/categories?post=6522"},{"taxonomy":"post_tag","embeddable":true,"href":"https:\/\/lleidacf.cat\/es\/wp-json\/wp\/v2\/tags?post=6522"},{"taxonomy":"temporada","embeddable":true,"href":"https:\/\/lleidacf.cat\/es\/wp-json\/wp\/v2\/temporada?post=6522"},{"taxonomy":"club","embeddable":true,"href":"https:\/\/lleidacf.cat\/es\/wp-json\/wp\/v2\/club?post=6522"}],"curies":[{"name":"wp","href":"https:\/\/api.w.org\/{rel}","templated":true}]}}