{"id":8149,"date":"2026-01-20T23:58:53","date_gmt":"2026-01-20T22:58:53","guid":{"rendered":"https:\/\/lleidacf.cat\/?p=8149"},"modified":"2026-01-20T23:59:27","modified_gmt":"2026-01-20T22:59:27","slug":"empat-sense-gols-del-lleida-davant-el-can-vidalet-i-homenatge-a-oscar-rubio-0-0","status":"publish","type":"post","link":"https:\/\/lleidacf.cat\/es\/empat-sense-gols-del-lleida-davant-el-can-vidalet-i-homenatge-a-oscar-rubio-0-0\/","title":{"rendered":"Empat sense gols del Lleida davant el Can Vidalet i homenatge a \u00d3scar Rubio (0-0)."},"content":{"rendered":"<p>El Lleida empata 0-0 contra el Can Vidalet al Camp d&#8217;Esports, despr\u00e9s del partit va tenir bloc un bonic homenatge al fins ara capit\u00e0 del Lleida \u00d3scar Rubio que ha defensat la nostra samarreta en un total de 320 partits convertint-se aix\u00ed en el 5\u00e8 jugador amb m\u00e9s partits de la hist\u00f2ria de l&#8217;entitat blava .<\/p>\n\n\n\n<p>La primera meitat va arrancar amb un clar domini del conjunt de la capital del Segri\u00e0 per\u00f2 no va poder transformar aquest domini amb la pilota de cara a porteria i els jugadors van marxar al vestuari amb 0-0 al marcador.<\/p>\n\n\n\n<p>Al llarg de la segona meitat els de Jordi Cort\u00e9s ho van continuar intentant mostrar contund\u00e8ncia en atac, per\u00f2 no van poder transformar el seu domini en vict\u00f2ria.<\/p>\n\n\n\n<p>Al minut 80 es va aturar el partit i va tenir lloc un bonic homenatge a \u00d3scar Rubio, els seus companys d&#8217;equip li van fer un passad\u00eds quan era substitu\u00eft per Marc Alegre davant els aplaudiments de tot el Camp d&#8217;Esports I dels jugadors del Can Vidalet.<\/p>\n\n\n\n<p>El pr\u00f2xim partit del Lleida ser\u00e0 aquest diumenge a les 12:30 contra la UE Tona al Municipal de Tona.<\/p>\n\n\n\n<figure class=\"wp-block-gallery has-nested-images columns-default is-cropped wp-block-gallery-1 is-layout-flex wp-block-gallery-is-layout-flex\">\n<figure class=\"wp-block-image size-large\"><img fetchpriority=\"high\" decoding=\"async\" width=\"1024\" height=\"683\" data-id=\"8150\" src=\"https:\/\/lleidacf.cat\/wp-content\/uploads\/2026\/01\/OR12\ud83d\udc99EternOscarRubio-LleidaCF-MesViusQueMai-4-1024x683.webp\" alt=\"\" class=\"wp-image-8150\" srcset=\"https:\/\/lleidacf.cat\/wp-content\/uploads\/2026\/01\/OR12\ud83d\udc99EternOscarRubio-LleidaCF-MesViusQueMai-4-1024x683.webp 1024w, https:\/\/lleidacf.cat\/wp-content\/uploads\/2026\/01\/OR12\ud83d\udc99EternOscarRubio-LleidaCF-MesViusQueMai-4-300x200.webp 300w, https:\/\/lleidacf.cat\/wp-content\/uploads\/2026\/01\/OR12\ud83d\udc99EternOscarRubio-LleidaCF-MesViusQueMai-4-768x512.webp 768w, https:\/\/lleidacf.cat\/wp-content\/uploads\/2026\/01\/OR12\ud83d\udc99EternOscarRubio-LleidaCF-MesViusQueMai-4-18x12.webp 18w, https:\/\/lleidacf.cat\/wp-content\/uploads\/2026\/01\/OR12\ud83d\udc99EternOscarRubio-LleidaCF-MesViusQueMai-4.webp 1080w\" sizes=\"(max-width: 1024px) 100vw, 1024px\" \/><\/figure>\n\n\n\n<figure class=\"wp-block-image size-large\"><img decoding=\"async\" width=\"1024\" height=\"683\" data-id=\"8154\" src=\"https:\/\/lleidacf.cat\/wp-content\/uploads\/2026\/01\/OR12\ud83d\udc99EternOscarRubio-LleidaCF-MesViusQueMai-6-1024x683.webp\" alt=\"\" class=\"wp-image-8154\" srcset=\"https:\/\/lleidacf.cat\/wp-content\/uploads\/2026\/01\/OR12\ud83d\udc99EternOscarRubio-LleidaCF-MesViusQueMai-6-1024x683.webp 1024w, https:\/\/lleidacf.cat\/wp-content\/uploads\/2026\/01\/OR12\ud83d\udc99EternOscarRubio-LleidaCF-MesViusQueMai-6-300x200.webp 300w, https:\/\/lleidacf.cat\/wp-content\/uploads\/2026\/01\/OR12\ud83d\udc99EternOscarRubio-LleidaCF-MesViusQueMai-6-768x512.webp 768w, https:\/\/lleidacf.cat\/wp-content\/uploads\/2026\/01\/OR12\ud83d\udc99EternOscarRubio-LleidaCF-MesViusQueMai-6-18x12.webp 18w, https:\/\/lleidacf.cat\/wp-content\/uploads\/2026\/01\/OR12\ud83d\udc99EternOscarRubio-LleidaCF-MesViusQueMai-6.webp 1080w\" sizes=\"(max-width: 1024px) 100vw, 1024px\" \/><\/figure>\n\n\n\n<figure class=\"wp-block-image size-large\"><img decoding=\"async\" width=\"1024\" height=\"683\" data-id=\"8152\" src=\"https:\/\/lleidacf.cat\/wp-content\/uploads\/2026\/01\/OR12\ud83d\udc99EternOscarRubio-LleidaCF-MesViusQueMai-3-1024x683.webp\" alt=\"\" class=\"wp-image-8152\" srcset=\"https:\/\/lleidacf.cat\/wp-content\/uploads\/2026\/01\/OR12\ud83d\udc99EternOscarRubio-LleidaCF-MesViusQueMai-3-1024x683.webp 1024w, https:\/\/lleidacf.cat\/wp-content\/uploads\/2026\/01\/OR12\ud83d\udc99EternOscarRubio-LleidaCF-MesViusQueMai-3-300x200.webp 300w, https:\/\/lleidacf.cat\/wp-content\/uploads\/2026\/01\/OR12\ud83d\udc99EternOscarRubio-LleidaCF-MesViusQueMai-3-768x512.webp 768w, https:\/\/lleidacf.cat\/wp-content\/uploads\/2026\/01\/OR12\ud83d\udc99EternOscarRubio-LleidaCF-MesViusQueMai-3-18x12.webp 18w, https:\/\/lleidacf.cat\/wp-content\/uploads\/2026\/01\/OR12\ud83d\udc99EternOscarRubio-LleidaCF-MesViusQueMai-3.webp 1080w\" sizes=\"(max-width: 1024px) 100vw, 1024px\" \/><\/figure>\n\n\n\n<figure class=\"wp-block-image size-large\"><img loading=\"lazy\" decoding=\"async\" width=\"1024\" height=\"683\" data-id=\"8151\" src=\"https:\/\/lleidacf.cat\/wp-content\/uploads\/2026\/01\/OR12\ud83d\udc99EternOscarRubio-LleidaCF-MesViusQueMai-1024x683.webp\" alt=\"\" class=\"wp-image-8151\" srcset=\"https:\/\/lleidacf.cat\/wp-content\/uploads\/2026\/01\/OR12\ud83d\udc99EternOscarRubio-LleidaCF-MesViusQueMai-1024x683.webp 1024w, https:\/\/lleidacf.cat\/wp-content\/uploads\/2026\/01\/OR12\ud83d\udc99EternOscarRubio-LleidaCF-MesViusQueMai-300x200.webp 300w, https:\/\/lleidacf.cat\/wp-content\/uploads\/2026\/01\/OR12\ud83d\udc99EternOscarRubio-LleidaCF-MesViusQueMai-768x512.webp 768w, https:\/\/lleidacf.cat\/wp-content\/uploads\/2026\/01\/OR12\ud83d\udc99EternOscarRubio-LleidaCF-MesViusQueMai-18x12.webp 18w, https:\/\/lleidacf.cat\/wp-content\/uploads\/2026\/01\/OR12\ud83d\udc99EternOscarRubio-LleidaCF-MesViusQueMai.webp 1080w\" sizes=\"(max-width: 1024px) 100vw, 1024px\" \/><\/figure>\n\n\n\n<figure class=\"wp-block-image size-large\"><img loading=\"lazy\" decoding=\"async\" width=\"1024\" height=\"683\" data-id=\"8153\" src=\"https:\/\/lleidacf.cat\/wp-content\/uploads\/2026\/01\/OR12\ud83d\udc99EternOscarRubio-LleidaCF-MesViusQueMai-7-1024x683.webp\" alt=\"\" class=\"wp-image-8153\" srcset=\"https:\/\/lleidacf.cat\/wp-content\/uploads\/2026\/01\/OR12\ud83d\udc99EternOscarRubio-LleidaCF-MesViusQueMai-7-1024x683.webp 1024w, https:\/\/lleidacf.cat\/wp-content\/uploads\/2026\/01\/OR12\ud83d\udc99EternOscarRubio-LleidaCF-MesViusQueMai-7-300x200.webp 300w, https:\/\/lleidacf.cat\/wp-content\/uploads\/2026\/01\/OR12\ud83d\udc99EternOscarRubio-LleidaCF-MesViusQueMai-7-768x512.webp 768w, https:\/\/lleidacf.cat\/wp-content\/uploads\/2026\/01\/OR12\ud83d\udc99EternOscarRubio-LleidaCF-MesViusQueMai-7-18x12.webp 18w, https:\/\/lleidacf.cat\/wp-content\/uploads\/2026\/01\/OR12\ud83d\udc99EternOscarRubio-LleidaCF-MesViusQueMai-7.webp 1080w\" sizes=\"(max-width: 1024px) 100vw, 1024px\" \/><\/figure>\n\n\n\n<figure class=\"wp-block-image size-large\"><img loading=\"lazy\" decoding=\"async\" width=\"1024\" height=\"683\" data-id=\"8156\" src=\"https:\/\/lleidacf.cat\/wp-content\/uploads\/2026\/01\/OR12\ud83d\udc99EternOscarRubio-LleidaCF-MesViusQueMai-2-1024x683.webp\" alt=\"\" class=\"wp-image-8156\" srcset=\"https:\/\/lleidacf.cat\/wp-content\/uploads\/2026\/01\/OR12\ud83d\udc99EternOscarRubio-LleidaCF-MesViusQueMai-2-1024x683.webp 1024w, https:\/\/lleidacf.cat\/wp-content\/uploads\/2026\/01\/OR12\ud83d\udc99EternOscarRubio-LleidaCF-MesViusQueMai-2-300x200.webp 300w, https:\/\/lleidacf.cat\/wp-content\/uploads\/2026\/01\/OR12\ud83d\udc99EternOscarRubio-LleidaCF-MesViusQueMai-2-768x512.webp 768w, https:\/\/lleidacf.cat\/wp-content\/uploads\/2026\/01\/OR12\ud83d\udc99EternOscarRubio-LleidaCF-MesViusQueMai-2-18x12.webp 18w, https:\/\/lleidacf.cat\/wp-content\/uploads\/2026\/01\/OR12\ud83d\udc99EternOscarRubio-LleidaCF-MesViusQueMai-2.webp 1080w\" sizes=\"(max-width: 1024px) 100vw, 1024px\" \/><\/figure>\n\n\n\n<figure class=\"wp-block-image size-large\"><img loading=\"lazy\" decoding=\"async\" width=\"1024\" height=\"683\" data-id=\"8157\" src=\"https:\/\/lleidacf.cat\/wp-content\/uploads\/2026\/01\/OR12\ud83d\udc99EternOscarRubio-LleidaCF-MesViusQueMai-8-1024x683.webp\" alt=\"\" class=\"wp-image-8157\" srcset=\"https:\/\/lleidacf.cat\/wp-content\/uploads\/2026\/01\/OR12\ud83d\udc99EternOscarRubio-LleidaCF-MesViusQueMai-8-1024x683.webp 1024w, https:\/\/lleidacf.cat\/wp-content\/uploads\/2026\/01\/OR12\ud83d\udc99EternOscarRubio-LleidaCF-MesViusQueMai-8-300x200.webp 300w, https:\/\/lleidacf.cat\/wp-content\/uploads\/2026\/01\/OR12\ud83d\udc99EternOscarRubio-LleidaCF-MesViusQueMai-8-768x512.webp 768w, https:\/\/lleidacf.cat\/wp-content\/uploads\/2026\/01\/OR12\ud83d\udc99EternOscarRubio-LleidaCF-MesViusQueMai-8-18x12.webp 18w, https:\/\/lleidacf.cat\/wp-content\/uploads\/2026\/01\/OR12\ud83d\udc99EternOscarRubio-LleidaCF-MesViusQueMai-8.webp 1080w\" sizes=\"(max-width: 1024px) 100vw, 1024px\" \/><\/figure>\n\n\n\n<figure class=\"wp-block-image size-large\"><img loading=\"lazy\" decoding=\"async\" width=\"1024\" height=\"683\" data-id=\"8155\" src=\"https:\/\/lleidacf.cat\/wp-content\/uploads\/2026\/01\/OR12\ud83d\udc99EternOscarRubio-LleidaCF-MesViusQueMai-9-1024x683.webp\" alt=\"\" class=\"wp-image-8155\" srcset=\"https:\/\/lleidacf.cat\/wp-content\/uploads\/2026\/01\/OR12\ud83d\udc99EternOscarRubio-LleidaCF-MesViusQueMai-9-1024x683.webp 1024w, https:\/\/lleidacf.cat\/wp-content\/uploads\/2026\/01\/OR12\ud83d\udc99EternOscarRubio-LleidaCF-MesViusQueMai-9-300x200.webp 300w, https:\/\/lleidacf.cat\/wp-content\/uploads\/2026\/01\/OR12\ud83d\udc99EternOscarRubio-LleidaCF-MesViusQueMai-9-768x512.webp 768w, https:\/\/lleidacf.cat\/wp-content\/uploads\/2026\/01\/OR12\ud83d\udc99EternOscarRubio-LleidaCF-MesViusQueMai-9-18x12.webp 18w, https:\/\/lleidacf.cat\/wp-content\/uploads\/2026\/01\/OR12\ud83d\udc99EternOscarRubio-LleidaCF-MesViusQueMai-9.webp 1080w\" sizes=\"(max-width: 1024px) 100vw, 1024px\" \/><\/figure>\n<\/figure>","protected":false},"excerpt":{"rendered":"<p>El Lleida empata 0-0 contra el Can Vidalet al Camp d&#8217;Esports, despr\u00e9s del partit va tenir bloc un bonic homenatge&#8230;<\/p>","protected":false},"author":6,"featured_media":8152,"comment_status":"closed","ping_status":"open","sticky":false,"template":"","format":"standard","meta":{"footnotes":""},"categories":[36],"tags":[],"temporada":[73],"club":[71],"class_list":["post-8149","post","type-post","status-publish","format-standard","has-post-thumbnail","hentry","category-noticies","temporada-2025-2026","club-lleida-cf"],"_links":{"self":[{"href":"https:\/\/lleidacf.cat\/es\/wp-json\/wp\/v2\/posts\/8149","targetHints":{"allow":["GET"]}}],"collection":[{"href":"https:\/\/lleidacf.cat\/es\/wp-json\/wp\/v2\/posts"}],"about":[{"href":"https:\/\/lleidacf.cat\/es\/wp-json\/wp\/v2\/types\/post"}],"author":[{"embeddable":true,"href":"https:\/\/lleidacf.cat\/es\/wp-json\/wp\/v2\/users\/6"}],"replies":[{"embeddable":true,"href":"https:\/\/lleidacf.cat\/es\/wp-json\/wp\/v2\/comments?post=8149"}],"version-history":[{"count":0,"href":"https:\/\/lleidacf.cat\/es\/wp-json\/wp\/v2\/posts\/8149\/revisions"}],"wp:featuredmedia":[{"embeddable":true,"href":"https:\/\/lleidacf.cat\/es\/wp-json\/wp\/v2\/media\/8152"}],"wp:attachment":[{"href":"https:\/\/lleidacf.cat\/es\/wp-json\/wp\/v2\/media?parent=8149"}],"wp:term":[{"taxonomy":"category","embeddable":true,"href":"https:\/\/lleidacf.cat\/es\/wp-json\/wp\/v2\/categories?post=8149"},{"taxonomy":"post_tag","embeddable":true,"href":"https:\/\/lleidacf.cat\/es\/wp-json\/wp\/v2\/tags?post=8149"},{"taxonomy":"temporada","embeddable":true,"href":"https:\/\/lleidacf.cat\/es\/wp-json\/wp\/v2\/temporada?post=8149"},{"taxonomy":"club","embeddable":true,"href":"https:\/\/lleidacf.cat\/es\/wp-json\/wp\/v2\/club?post=8149"}],"curies":[{"name":"wp","href":"https:\/\/api.w.org\/{rel}","templated":true}]}}