{"id":8238,"date":"2026-03-07T19:21:08","date_gmt":"2026-03-07T18:21:08","guid":{"rendered":"https:\/\/lleidacf.cat\/?p=8238"},"modified":"2026-03-07T19:21:16","modified_gmt":"2026-03-07T18:21:16","slug":"empat-sense-gols-del-lleida-cf-davant-la-ue-vic-al-camp-desports-0-0","status":"publish","type":"post","link":"https:\/\/lleidacf.cat\/es\/empat-sense-gols-del-lleida-cf-davant-la-ue-vic-al-camp-desports-0-0\/","title":{"rendered":"Empat sense gols del Lleida CF davant la UE Vic al Camp d&#8217;Esports (0-0)."},"content":{"rendered":"<p>Els primers compassos de partit, el conjunt de Jordi Cort\u00e9s va saber mantenir la possessi\u00f3 per\u00f2 sense generar oportunitats manifestes de gol.<\/p>\n\n\n\n<p>Sobre el minut 25 l\u2019\u00e0rbitre, Mohamed Tabiza no va mostrar la segona cartolina groga a Corominas despr\u00e9s d\u2019una entrada molt dura en una zona del camp innecess\u00e0ria.<\/p>\n\n\n\n<p>Joan Rusi\u00f1ol va patir una lesi\u00f3 i es va haver de retirar del camp en camilla.<\/p>\n\n\n\n<p>Al minut 70 el partit faria un gir inesperat degut a l\u2019expulsi\u00f3 de Jaume Viladegut per doble targeta groga.<\/p>\n\n\n\n<p>Finalment els de Jordi Cort\u00e9s ho van intentar fins al final per\u00f2 no van poder trancar l&#8217;empat.<\/p>\n\n\n\n<p>El pr\u00f2xim partit al Camp d&#8217;Esports ser\u00e0 diumenge a les 16:30 contra el Peralada.<\/p>\n\n\n\n<p>Fotograf\u00edes: aniolsports<\/p>","protected":false},"excerpt":{"rendered":"<p>Els primers compassos de partit, el conjunt de Jordi Cort\u00e9s va saber mantenir la possessi\u00f3 per\u00f2 sense generar oportunitats manifestes&#8230;<\/p>","protected":false},"author":6,"featured_media":8239,"comment_status":"closed","ping_status":"open","sticky":false,"template":"","format":"standard","meta":{"footnotes":""},"categories":[36],"tags":[],"temporada":[73],"club":[71],"class_list":["post-8238","post","type-post","status-publish","format-standard","has-post-thumbnail","hentry","category-noticies","temporada-2025-2026","club-lleida-cf"],"_links":{"self":[{"href":"https:\/\/lleidacf.cat\/es\/wp-json\/wp\/v2\/posts\/8238","targetHints":{"allow":["GET"]}}],"collection":[{"href":"https:\/\/lleidacf.cat\/es\/wp-json\/wp\/v2\/posts"}],"about":[{"href":"https:\/\/lleidacf.cat\/es\/wp-json\/wp\/v2\/types\/post"}],"author":[{"embeddable":true,"href":"https:\/\/lleidacf.cat\/es\/wp-json\/wp\/v2\/users\/6"}],"replies":[{"embeddable":true,"href":"https:\/\/lleidacf.cat\/es\/wp-json\/wp\/v2\/comments?post=8238"}],"version-history":[{"count":0,"href":"https:\/\/lleidacf.cat\/es\/wp-json\/wp\/v2\/posts\/8238\/revisions"}],"wp:featuredmedia":[{"embeddable":true,"href":"https:\/\/lleidacf.cat\/es\/wp-json\/wp\/v2\/media\/8239"}],"wp:attachment":[{"href":"https:\/\/lleidacf.cat\/es\/wp-json\/wp\/v2\/media?parent=8238"}],"wp:term":[{"taxonomy":"category","embeddable":true,"href":"https:\/\/lleidacf.cat\/es\/wp-json\/wp\/v2\/categories?post=8238"},{"taxonomy":"post_tag","embeddable":true,"href":"https:\/\/lleidacf.cat\/es\/wp-json\/wp\/v2\/tags?post=8238"},{"taxonomy":"temporada","embeddable":true,"href":"https:\/\/lleidacf.cat\/es\/wp-json\/wp\/v2\/temporada?post=8238"},{"taxonomy":"club","embeddable":true,"href":"https:\/\/lleidacf.cat\/es\/wp-json\/wp\/v2\/club?post=8238"}],"curies":[{"name":"wp","href":"https:\/\/api.w.org\/{rel}","templated":true}]}}