{"id":8241,"date":"2026-03-07T15:54:21","date_gmt":"2026-03-07T14:54:21","guid":{"rendered":"https:\/\/lleidacf.cat\/?p=8241"},"modified":"2026-03-12T11:55:32","modified_gmt":"2026-03-12T10:55:32","slug":"comunicat-medic-de-joan-rusi","status":"publish","type":"post","link":"https:\/\/lleidacf.cat\/es\/comunicat-medic-de-joan-rusi\/","title":{"rendered":"Comunicat m\u00e8dic de Joan &#8220;Rusi&#8221;"},"content":{"rendered":"<p>El serveis m\u00e8dics del Lleida CF, sota la supervisi\u00f3 de l&#8217;especialista Dr. Ramon Cugat, han realitzat les proves diagn\u00f2stiques pertinents al jugador del primer equip Joan Rusi\u00f1ol &#8220;Rusi&#8221; despr\u00e9s de la lesi\u00f3 patida durant el partit contra el Vic.<\/p>\n\n\n\n<p>Les exploracions i proves d\u2019imatge confirmen que el jugador presenta, una ruptura del Lligament Creuat Anterior i del Lligament Lateral Extern, amb afectaci\u00f3 del menisc extern del genoll esquerra.<\/p>\n\n\n\n<p>El jugador ser\u00e0 intervingut quir\u00fargicament en els propers dies pel Dr. Cugat i el seu equip. Un cop finalitzada l\u2019operaci\u00f3, s\u2019emetr\u00e0 un nou comunicat detallant l\u2019\u00e8xit de la mateixa i l\u2019inici de la seva pauta de rehabilitaci\u00f3.<\/p>\n\n\n\n<p>Des del Club volem transmetre tot el nostre suport al jugador en aquest proc\u00e9s. Estem conven\u00e7uts que la teva fortalesa i professionalitat et faran tornar amb m\u00e9s for\u00e7a al Camp d\u2019Esports.<\/p>\n\n\n\n<p><\/p>","protected":false},"excerpt":{"rendered":"<p>El serveis m\u00e8dics del Lleida CF, sota la supervisi\u00f3 de l&#8217;especialista Dr. Ramon Cugat, han realitzat les proves diagn\u00f2stiques pertinents&#8230;<\/p>","protected":false},"author":6,"featured_media":8242,"comment_status":"closed","ping_status":"open","sticky":false,"template":"","format":"standard","meta":{"footnotes":""},"categories":[36],"tags":[],"temporada":[73],"club":[71],"class_list":["post-8241","post","type-post","status-publish","format-standard","has-post-thumbnail","hentry","category-noticies","temporada-2025-2026","club-lleida-cf"],"_links":{"self":[{"href":"https:\/\/lleidacf.cat\/es\/wp-json\/wp\/v2\/posts\/8241","targetHints":{"allow":["GET"]}}],"collection":[{"href":"https:\/\/lleidacf.cat\/es\/wp-json\/wp\/v2\/posts"}],"about":[{"href":"https:\/\/lleidacf.cat\/es\/wp-json\/wp\/v2\/types\/post"}],"author":[{"embeddable":true,"href":"https:\/\/lleidacf.cat\/es\/wp-json\/wp\/v2\/users\/6"}],"replies":[{"embeddable":true,"href":"https:\/\/lleidacf.cat\/es\/wp-json\/wp\/v2\/comments?post=8241"}],"version-history":[{"count":0,"href":"https:\/\/lleidacf.cat\/es\/wp-json\/wp\/v2\/posts\/8241\/revisions"}],"wp:featuredmedia":[{"embeddable":true,"href":"https:\/\/lleidacf.cat\/es\/wp-json\/wp\/v2\/media\/8242"}],"wp:attachment":[{"href":"https:\/\/lleidacf.cat\/es\/wp-json\/wp\/v2\/media?parent=8241"}],"wp:term":[{"taxonomy":"category","embeddable":true,"href":"https:\/\/lleidacf.cat\/es\/wp-json\/wp\/v2\/categories?post=8241"},{"taxonomy":"post_tag","embeddable":true,"href":"https:\/\/lleidacf.cat\/es\/wp-json\/wp\/v2\/tags?post=8241"},{"taxonomy":"temporada","embeddable":true,"href":"https:\/\/lleidacf.cat\/es\/wp-json\/wp\/v2\/temporada?post=8241"},{"taxonomy":"club","embeddable":true,"href":"https:\/\/lleidacf.cat\/es\/wp-json\/wp\/v2\/club?post=8241"}],"curies":[{"name":"wp","href":"https:\/\/api.w.org\/{rel}","templated":true}]}}