{"id":8282,"date":"2026-03-17T23:49:49","date_gmt":"2026-03-17T22:49:49","guid":{"rendered":"https:\/\/lleidacf.cat\/?p=8282"},"modified":"2026-03-17T23:50:45","modified_gmt":"2026-03-17T22:50:45","slug":"empate-entre-el-lleida-cf-i-el-fc-cerdanyola-al-camp-desports-1-1","status":"publish","type":"post","link":"https:\/\/lleidacf.cat\/es\/empate-entre-el-lleida-cf-i-el-fc-cerdanyola-al-camp-desports-1-1\/","title":{"rendered":"Empat entre el Lleida CF i el Cerdanyola FC al Camp d&#8217;Esports (1-1)"},"content":{"rendered":"<p><strong>Durant la primera meitat els de Jordi Cort\u00e9s van ser superiors, generant perill constant a les zones d\u2019atac.<\/strong><\/p>\n\n\n\n<p><strong><strong>Al minut 17 despr\u00e9s d\u2019una gran jugada individual, Jorge Revert , penjava la pilota a l\u2019\u00e0rea i Pau Russo amb el cap l\u2019engaltava al fons de la xarxa (1-0).<\/strong><\/strong><\/p>\n\n\n\n<p><strong><strong>Solament quan faltaven 2 minuts per al final del primer temps, es provoca un penal sobre Totti que posteriorment Pau Russo estavellava al travesser.<\/strong><\/strong><\/p>\n\n\n\n<p><strong>Ja a la segona meitat Pau Russo va tornar a tenir una gran ocasi\u00f3 des de la dreta on \u00c1lex Ba\u00f1o va realitzar una parada providencial.<\/strong><\/p>\n\n\n\n<p><strong>Al minut 82 Montalb\u00e1n empatava el partit (1-1).<\/strong><\/p>\n\n\n\n<p><strong><strong>Al minut 87 en una jugada a pilota aturada s&#8217;anul\u00b7laria un gol legal a Totti per fora de joc desencadenant la pol\u00e8mica.<\/strong><\/strong><\/p>\n\n\n\n<p><strong><strong>D&#8217;aquesta manera el partit acabava 1-1, el pr\u00f2xim comprom\u00eds del Lleida ser\u00e0 diumenge a les 12:00 al Nou Barris, enfront de la Monta\u00f1esa<\/strong><\/strong>.<\/p>","protected":false},"excerpt":{"rendered":"<p>Durant la primera meitat els de Jordi Cort\u00e9s van ser superiors, generant perill constant a les zones d\u2019atac. Al minut&#8230;<\/p>","protected":false},"author":6,"featured_media":8285,"comment_status":"closed","ping_status":"open","sticky":false,"template":"","format":"standard","meta":{"footnotes":""},"categories":[36],"tags":[],"temporada":[73],"club":[71],"class_list":["post-8282","post","type-post","status-publish","format-standard","has-post-thumbnail","hentry","category-noticies","temporada-2025-2026","club-lleida-cf"],"_links":{"self":[{"href":"https:\/\/lleidacf.cat\/es\/wp-json\/wp\/v2\/posts\/8282","targetHints":{"allow":["GET"]}}],"collection":[{"href":"https:\/\/lleidacf.cat\/es\/wp-json\/wp\/v2\/posts"}],"about":[{"href":"https:\/\/lleidacf.cat\/es\/wp-json\/wp\/v2\/types\/post"}],"author":[{"embeddable":true,"href":"https:\/\/lleidacf.cat\/es\/wp-json\/wp\/v2\/users\/6"}],"replies":[{"embeddable":true,"href":"https:\/\/lleidacf.cat\/es\/wp-json\/wp\/v2\/comments?post=8282"}],"version-history":[{"count":0,"href":"https:\/\/lleidacf.cat\/es\/wp-json\/wp\/v2\/posts\/8282\/revisions"}],"wp:featuredmedia":[{"embeddable":true,"href":"https:\/\/lleidacf.cat\/es\/wp-json\/wp\/v2\/media\/8285"}],"wp:attachment":[{"href":"https:\/\/lleidacf.cat\/es\/wp-json\/wp\/v2\/media?parent=8282"}],"wp:term":[{"taxonomy":"category","embeddable":true,"href":"https:\/\/lleidacf.cat\/es\/wp-json\/wp\/v2\/categories?post=8282"},{"taxonomy":"post_tag","embeddable":true,"href":"https:\/\/lleidacf.cat\/es\/wp-json\/wp\/v2\/tags?post=8282"},{"taxonomy":"temporada","embeddable":true,"href":"https:\/\/lleidacf.cat\/es\/wp-json\/wp\/v2\/temporada?post=8282"},{"taxonomy":"club","embeddable":true,"href":"https:\/\/lleidacf.cat\/es\/wp-json\/wp\/v2\/club?post=8282"}],"curies":[{"name":"wp","href":"https:\/\/api.w.org\/{rel}","templated":true}]}}