{"id":8347,"date":"2026-04-30T13:43:35","date_gmt":"2026-04-30T11:43:35","guid":{"rendered":"https:\/\/lleidacf.cat\/?p=8347"},"modified":"2026-04-30T13:45:22","modified_gmt":"2026-04-30T11:45:22","slug":"el-lleida-cf-empata-enfront-la-ue-vilassar-de-mar-i-baixa-de-categoria","status":"publish","type":"post","link":"https:\/\/lleidacf.cat\/es\/el-lleida-cf-empata-enfront-la-ue-vilassar-de-mar-i-baixa-de-categoria\/","title":{"rendered":"El Lleida CF empata enfront la UE Vilassar de Mar i confirma el descens a Lliga Elit"},"content":{"rendered":"<p>El conjunt de Jordi Cort\u00e9s no va poder consolidar el domini de la segona meitat en una vict\u00f2ria.<\/p>\n\n\n\n<p>Pol Rivera va avan\u00e7ar al Vilassar al minut 29.<\/p>\n\n\n\n<p>Simult\u00e0niament, s&#8217;estava disputant el partit entre el Peralada i el Can Vidalet, iniciat una hora abans, el qual definia si els blaus baixaven de categoria. Durant el descans entre Lleida i Vilassar, va finalitzar aquest partit en empat a un confirmant, d&#8217;aquesta manera, el nostre descens a Lliga Elit.<\/p>\n\n\n\n<p>A la segona meitat, els de la<em>\u00a0terraferma<\/em>\u00a0van tenir oportunitats per avan\u00e7ar-se, al minut 82 Putxi va ficar les taules de nou al marcador despr\u00e9s d&#8217;una rematada de cap prominent d&#8217;un c\u00f3rner.<\/p>\n\n\n\n<p>Al minut 87 Toni Escobedo va tenir una oportunitat providencial per capgirar el marcador despr\u00e9s de quedar-se totalment sol davant Biel Escribano, guarda meta del Vilassar, que va fer una gran aturada .<\/p>\n\n\n\n<p>El pr\u00f2xim partit del Lleida ser\u00e0 diumenge a les 12:30 al Nou Camp, davant l&#8217;Escala.<\/p>\n\n\n\n<p>Fotograf\u00eda d&#8217;aniolsports<\/p>","protected":false},"excerpt":{"rendered":"<p>El conjunt de Jordi Cort\u00e9s no va poder consolidar el domini de la segona meitat en una vict\u00f2ria. Pol Rivera&#8230;<\/p>","protected":false},"author":6,"featured_media":8351,"comment_status":"closed","ping_status":"open","sticky":false,"template":"","format":"standard","meta":{"footnotes":""},"categories":[36],"tags":[],"temporada":[73],"club":[71],"class_list":["post-8347","post","type-post","status-publish","format-standard","has-post-thumbnail","hentry","category-noticies","temporada-2025-2026","club-lleida-cf"],"_links":{"self":[{"href":"https:\/\/lleidacf.cat\/es\/wp-json\/wp\/v2\/posts\/8347","targetHints":{"allow":["GET"]}}],"collection":[{"href":"https:\/\/lleidacf.cat\/es\/wp-json\/wp\/v2\/posts"}],"about":[{"href":"https:\/\/lleidacf.cat\/es\/wp-json\/wp\/v2\/types\/post"}],"author":[{"embeddable":true,"href":"https:\/\/lleidacf.cat\/es\/wp-json\/wp\/v2\/users\/6"}],"replies":[{"embeddable":true,"href":"https:\/\/lleidacf.cat\/es\/wp-json\/wp\/v2\/comments?post=8347"}],"version-history":[{"count":4,"href":"https:\/\/lleidacf.cat\/es\/wp-json\/wp\/v2\/posts\/8347\/revisions"}],"predecessor-version":[{"id":8352,"href":"https:\/\/lleidacf.cat\/es\/wp-json\/wp\/v2\/posts\/8347\/revisions\/8352"}],"wp:featuredmedia":[{"embeddable":true,"href":"https:\/\/lleidacf.cat\/es\/wp-json\/wp\/v2\/media\/8351"}],"wp:attachment":[{"href":"https:\/\/lleidacf.cat\/es\/wp-json\/wp\/v2\/media?parent=8347"}],"wp:term":[{"taxonomy":"category","embeddable":true,"href":"https:\/\/lleidacf.cat\/es\/wp-json\/wp\/v2\/categories?post=8347"},{"taxonomy":"post_tag","embeddable":true,"href":"https:\/\/lleidacf.cat\/es\/wp-json\/wp\/v2\/tags?post=8347"},{"taxonomy":"temporada","embeddable":true,"href":"https:\/\/lleidacf.cat\/es\/wp-json\/wp\/v2\/temporada?post=8347"},{"taxonomy":"club","embeddable":true,"href":"https:\/\/lleidacf.cat\/es\/wp-json\/wp\/v2\/club?post=8347"}],"curies":[{"name":"wp","href":"https:\/\/api.w.org\/{rel}","templated":true}]}}